{"id":66937,"date":"2024-07-18T15:36:48","date_gmt":"2024-07-18T18:36:48","guid":{"rendered":"https:\/\/crarn.org.br\/?p=66937"},"modified":"2024-07-18T15:36:50","modified_gmt":"2024-07-18T18:36:50","slug":"conselheiros-do-cra-rn-participam-da-plenaria-de-julho","status":"publish","type":"post","link":"https:\/\/crarn.org.br\/?p=66937","title":{"rendered":"Conselheiros do CRA-RN participam da plen\u00e1ria de julho"},"content":{"rendered":"\n<p>O plen\u00e1rio do CRA-RN realizou a reuni\u00e3o do m\u00eas de julho, nesta quarta-feira (17\/07).<\/p>\n<p>Estavam presentes, o presidente, Adm. Fl\u00e1vio Em\u00edlio Cavalcanti, o vice, Adm. Cl\u00e1udio Henrique Bessa; o conselheiro federal, Adm. J\u00falio Rezende; a diretora de Fiscaliza\u00e7\u00e3o e Registro, Adm. Kate Maciel; a diretora Administrativa e Financeira, Adm. C\u00e9lia Ribeiro; a diretora de Forma\u00e7\u00e3o Profissional, Adm. Val\u00e9ria Ara\u00fajo; os conselheiros efetivos, Adm. Maria das Neves Maia e Adm. Leonardo Lima e o conselheiro suplente, Adm. Rodrigo Cabral Antas.<\/p>\n<p>Entre os principais assuntos discutidos est\u00e3o as bolsas do Curso de P\u00f3s-Gradua\u00e7\u00e3o; comemora\u00e7\u00f5es pelo Dia do Administrador; PRODER 2024; retomada das a\u00e7\u00f5es no interior; Prospecta Licita; resultados da Fiscaliza\u00e7\u00e3o; evento on-line do ADM na Pr\u00e1tica; elei\u00e7\u00f5es 2024 e os informes da diretoria Administrativa e Financeira, como Receita x Despesa; aprova\u00e7\u00e3o de balancetes \u2013 junho\/2024; D\u00edvida Ativa; posi\u00e7\u00e3o PF e PJ \u2013 junho\/2024, etc.<\/p>\n<button class=\"simplefavorite-button\" data-postid=\"66937\" data-siteid=\"1\" data-groupid=\"1\" data-favoritecount=\"0\" style=\"\">Favorite <i class=\"sf-icon-star-empty\"><\/i><\/button>","protected":false},"excerpt":{"rendered":"<p>O plen\u00e1rio do CRA-RN realizou a reuni\u00e3o do m\u00eas de julho, nesta quarta-feira (17\/07). Estavam presentes, o presidente, Adm. Fl\u00e1vio Em\u00edlio Cavalcanti, o vice, Adm. Cl\u00e1udio Henrique Bessa; o conselheiro federal, Adm. J\u00falio Rezende; a diretora de Fiscaliza\u00e7\u00e3o e Registro, Adm. Kate Maciel; a diretora Administrativa e Financeira, Adm. C\u00e9lia Ribeiro; a diretora de Forma\u00e7\u00e3o<a class=\"read-more\" href=\"https:\/\/crarn.org.br\/?p=66937\"> [&hellip;]<\/a><\/p>\n","protected":false},"author":26,"featured_media":66938,"comment_status":"closed","ping_status":"open","sticky":true,"template":"","format":"standard","meta":{"_price":"","_stock":"","_tribe_ticket_header":"","_tribe_default_ticket_provider":"","_tribe_ticket_capacity":"0","_ticket_start_date":"","_ticket_end_date":"","_tribe_ticket_show_description":"","_tribe_ticket_show_not_going":false,"_tribe_ticket_use_global_stock":"","_tribe_ticket_global_stock_level":"","_global_stock_mode":"","_global_stock_cap":"","_tribe_rsvp_for_event":"","_tribe_ticket_going_count":"","_tribe_ticket_not_going_count":"","_tribe_tickets_list":"[]","_tribe_ticket_has_attendee_info_fields":false,"footnotes":"","_links_to":"","_links_to_target":""},"categories":[580,310,399,309],"tags":[],"class_list":["post-66937","post","type-post","status-publish","format-standard","has-post-thumbnail","hentry","category-ano-2024","category-destaque-grande","category-institucional","category-ultimas-noticias","entry","has-media"],"_links":{"self":[{"href":"https:\/\/crarn.org.br\/index.php?rest_route=\/wp\/v2\/posts\/66937","targetHints":{"allow":["GET"]}}],"collection":[{"href":"https:\/\/crarn.org.br\/index.php?rest_route=\/wp\/v2\/posts"}],"about":[{"href":"https:\/\/crarn.org.br\/index.php?rest_route=\/wp\/v2\/types\/post"}],"author":[{"embeddable":true,"href":"https:\/\/crarn.org.br\/index.php?rest_route=\/wp\/v2\/users\/26"}],"replies":[{"embeddable":true,"href":"https:\/\/crarn.org.br\/index.php?rest_route=%2Fwp%2Fv2%2Fcomments&post=66937"}],"version-history":[{"count":2,"href":"https:\/\/crarn.org.br\/index.php?rest_route=\/wp\/v2\/posts\/66937\/revisions"}],"predecessor-version":[{"id":66940,"href":"https:\/\/crarn.org.br\/index.php?rest_route=\/wp\/v2\/posts\/66937\/revisions\/66940"}],"wp:featuredmedia":[{"embeddable":true,"href":"https:\/\/crarn.org.br\/index.php?rest_route=\/wp\/v2\/media\/66938"}],"wp:attachment":[{"href":"https:\/\/crarn.org.br\/index.php?rest_route=%2Fwp%2Fv2%2Fmedia&parent=66937"}],"wp:term":[{"taxonomy":"category","embeddable":true,"href":"https:\/\/crarn.org.br\/index.php?rest_route=%2Fwp%2Fv2%2Fcategories&post=66937"},{"taxonomy":"post_tag","embeddable":true,"href":"https:\/\/crarn.org.br\/index.php?rest_route=%2Fwp%2Fv2%2Ftags&post=66937"}],"curies":[{"name":"wp","href":"https:\/\/api.w.org\/{rel}","templated":true}]}}