{"id":66913,"date":"2024-06-19T14:24:39","date_gmt":"2024-06-19T17:24:39","guid":{"rendered":"https:\/\/crarn.org.br\/?p=66913"},"modified":"2024-06-19T14:31:00","modified_gmt":"2024-06-19T17:31:00","slug":"cra-rn-reune-conselheiros-5","status":"publish","type":"post","link":"https:\/\/crarn.org.br\/?p=66913","title":{"rendered":"CRA-RN re\u00fane conselheiros"},"content":{"rendered":"\n<p>Nesta quarta-feira (19\/06), os conselheiros do CRA-RN se reuniram na plen\u00e1ria mensal, que tinha na pauta, pontos importantes para o funcionamento do regional e o trabalho em defesa dos profissionais.<\/p>\n<p>O presidente Adm. Fl\u00e1vio Emilio Cavalcanti, fez a abertura, quando comunicou oficialmente a ren\u00fancia dos conselheiros Adm. Rodrigo Fortunato, Adm. Diego Dantas e Adm. Alysson Ara\u00fajo, que ser\u00e3o substitu\u00eddos pelos suplentes Adm. Leonardo da Costa Lima, Adm. Maria das Neves Mariz Maia e Adm. Ligia Soares Rebou\u00e7as, respectivamente.<\/p>\n<p>Al\u00e9m de Fl\u00e1vio, o vice-presidente, Adm. Cl\u00e1udio Henrique Bessa; a diretora de Fiscaliza\u00e7\u00e3o e Registro, Adm. Kate Maciel; a diretora Administrativa e Financeira, Adm. C\u00e9lia Ribeiro; a diretora de Forma\u00e7\u00e3o Profissional, Adm. Val\u00e9ria Ara\u00fajo e os conselheiros Adm. Alice Dantas, Adm. Leonardo Lima e Adm. L\u00edgia Rebou\u00e7as \u2013 que participou online, discutiram assuntos como inaugura\u00e7\u00e3o Espa\u00e7o ADM; designa\u00e7\u00e3o da Comiss\u00e3o de \u00c9tica e Disciplina, Prospecta Licita, curso de RT etc.<\/p>\n<button class=\"simplefavorite-button\" data-postid=\"66913\" data-siteid=\"1\" data-groupid=\"1\" data-favoritecount=\"0\" style=\"\">Favorite <i class=\"sf-icon-star-empty\"><\/i><\/button>","protected":false},"excerpt":{"rendered":"<p>Nesta quarta-feira (19\/06), os conselheiros do CRA-RN se reuniram na plen\u00e1ria mensal, que tinha na pauta, pontos importantes para o funcionamento do regional e o trabalho em defesa dos profissionais. O presidente Adm. Fl\u00e1vio Emilio Cavalcanti, fez a abertura, quando comunicou oficialmente a ren\u00fancia dos conselheiros Adm. Rodrigo Fortunato, Adm. Diego Dantas e Adm. Alysson<a class=\"read-more\" href=\"https:\/\/crarn.org.br\/?p=66913\"> [&hellip;]<\/a><\/p>\n","protected":false},"author":26,"featured_media":66919,"comment_status":"closed","ping_status":"open","sticky":true,"template":"","format":"standard","meta":{"_price":"","_stock":"","_tribe_ticket_header":"","_tribe_default_ticket_provider":"","_tribe_ticket_capacity":"0","_ticket_start_date":"","_ticket_end_date":"","_tribe_ticket_show_description":"","_tribe_ticket_show_not_going":false,"_tribe_ticket_use_global_stock":"","_tribe_ticket_global_stock_level":"","_global_stock_mode":"","_global_stock_cap":"","_tribe_rsvp_for_event":"","_tribe_ticket_going_count":"","_tribe_ticket_not_going_count":"","_tribe_tickets_list":"[]","_tribe_ticket_has_attendee_info_fields":false,"footnotes":"","_links_to":"","_links_to_target":""},"categories":[580,310,320,399,309],"tags":[],"class_list":["post-66913","post","type-post","status-publish","format-standard","has-post-thumbnail","hentry","category-ano-2024","category-destaque-grande","category-home","category-institucional","category-ultimas-noticias","entry","has-media"],"_links":{"self":[{"href":"https:\/\/crarn.org.br\/index.php?rest_route=\/wp\/v2\/posts\/66913","targetHints":{"allow":["GET"]}}],"collection":[{"href":"https:\/\/crarn.org.br\/index.php?rest_route=\/wp\/v2\/posts"}],"about":[{"href":"https:\/\/crarn.org.br\/index.php?rest_route=\/wp\/v2\/types\/post"}],"author":[{"embeddable":true,"href":"https:\/\/crarn.org.br\/index.php?rest_route=\/wp\/v2\/users\/26"}],"replies":[{"embeddable":true,"href":"https:\/\/crarn.org.br\/index.php?rest_route=%2Fwp%2Fv2%2Fcomments&post=66913"}],"version-history":[{"count":1,"href":"https:\/\/crarn.org.br\/index.php?rest_route=\/wp\/v2\/posts\/66913\/revisions"}],"predecessor-version":[{"id":66915,"href":"https:\/\/crarn.org.br\/index.php?rest_route=\/wp\/v2\/posts\/66913\/revisions\/66915"}],"wp:featuredmedia":[{"embeddable":true,"href":"https:\/\/crarn.org.br\/index.php?rest_route=\/wp\/v2\/media\/66919"}],"wp:attachment":[{"href":"https:\/\/crarn.org.br\/index.php?rest_route=%2Fwp%2Fv2%2Fmedia&parent=66913"}],"wp:term":[{"taxonomy":"category","embeddable":true,"href":"https:\/\/crarn.org.br\/index.php?rest_route=%2Fwp%2Fv2%2Fcategories&post=66913"},{"taxonomy":"post_tag","embeddable":true,"href":"https:\/\/crarn.org.br\/index.php?rest_route=%2Fwp%2Fv2%2Ftags&post=66913"}],"curies":[{"name":"wp","href":"https:\/\/api.w.org\/{rel}","templated":true}]}}