{"id":66910,"date":"2024-06-14T12:58:54","date_gmt":"2024-06-14T15:58:54","guid":{"rendered":"https:\/\/crarn.org.br\/?p=66910"},"modified":"2024-06-14T12:58:56","modified_gmt":"2024-06-14T15:58:56","slug":"cra-rn-recebe-doacao-de-livros-do-ex-conselheiro-acimir-miranda","status":"publish","type":"post","link":"https:\/\/crarn.org.br\/?p=66910","title":{"rendered":"CRA-RN recebe doa\u00e7\u00e3o de livros do ex-conselheiro Acimir Miranda"},"content":{"rendered":"\n\n\n<p>O CRA-RN recebeu, esta semana, a vi\u00fava do ex-conselheiro, Adm. Acimir Miranda,\u00a0 Ros\u00e2nie de Arruda C\u00e2mara, falecido em mar\u00e7o de 2023.<\/p>\n<p>Na ocasi\u00e3o, Ros\u00e2nie fez a entrega, \u00e0 diretoria do conselho, de diversos livros do acervo de Acimir, que ser\u00e3o disponibilizados para consulta pelos profissionais de administra\u00e7\u00e3o registrados no regional. Os livros ficar\u00e3o acess\u00edveis no espa\u00e7o de coworking que levar\u00e1 o nome do ex-conselheiro.<\/p>\n<p>O presidente do CRA-RN, Adm. Fl\u00e1vio Em\u00edlio Cavalcanti, falou sobre a import\u00e2ncia da doa\u00e7\u00e3o, que vem enriquecer a biblioteca do CRA-RN. \u201cEm nome dos profissionais registrados no conselho, agradecemos a generosidade de Ros\u00e2nie em deixar para o conselho um pouco do legado de Acimir, na forma destes livros que agora recebemos. Estes volumes ser\u00e3o muito \u00fateis para toda a coletividade dos profissionais de administra\u00e7\u00e3o, mantendo Acimir vivo na lembran\u00e7a de todos\u201d, afirmou.<\/p>\n<button class=\"simplefavorite-button\" data-postid=\"66910\" data-siteid=\"1\" data-groupid=\"1\" data-favoritecount=\"0\" style=\"\">Favorite <i class=\"sf-icon-star-empty\"><\/i><\/button>","protected":false},"excerpt":{"rendered":"<p>O CRA-RN recebeu, esta semana, a vi\u00fava do ex-conselheiro, Adm. Acimir Miranda,\u00a0 Ros\u00e2nie de Arruda C\u00e2mara, falecido em mar\u00e7o de 2023. Na ocasi\u00e3o, Ros\u00e2nie fez a entrega, \u00e0 diretoria do conselho, de diversos livros do acervo de Acimir, que ser\u00e3o disponibilizados para consulta pelos profissionais de administra\u00e7\u00e3o registrados no regional. Os livros ficar\u00e3o acess\u00edveis no<a class=\"read-more\" href=\"https:\/\/crarn.org.br\/?p=66910\"> [&hellip;]<\/a><\/p>\n","protected":false},"author":26,"featured_media":66911,"comment_status":"closed","ping_status":"open","sticky":true,"template":"","format":"standard","meta":{"_price":"","_stock":"","_tribe_ticket_header":"","_tribe_default_ticket_provider":"","_tribe_ticket_capacity":"0","_ticket_start_date":"","_ticket_end_date":"","_tribe_ticket_show_description":"","_tribe_ticket_show_not_going":false,"_tribe_ticket_use_global_stock":"","_tribe_ticket_global_stock_level":"","_global_stock_mode":"","_global_stock_cap":"","_tribe_rsvp_for_event":"","_tribe_ticket_going_count":"","_tribe_ticket_not_going_count":"","_tribe_tickets_list":"[]","_tribe_ticket_has_attendee_info_fields":false,"footnotes":"","_links_to":"","_links_to_target":""},"categories":[580,310,320,399,309],"tags":[],"class_list":["post-66910","post","type-post","status-publish","format-standard","has-post-thumbnail","hentry","category-ano-2024","category-destaque-grande","category-home","category-institucional","category-ultimas-noticias","entry","has-media"],"_links":{"self":[{"href":"https:\/\/crarn.org.br\/index.php?rest_route=\/wp\/v2\/posts\/66910","targetHints":{"allow":["GET"]}}],"collection":[{"href":"https:\/\/crarn.org.br\/index.php?rest_route=\/wp\/v2\/posts"}],"about":[{"href":"https:\/\/crarn.org.br\/index.php?rest_route=\/wp\/v2\/types\/post"}],"author":[{"embeddable":true,"href":"https:\/\/crarn.org.br\/index.php?rest_route=\/wp\/v2\/users\/26"}],"replies":[{"embeddable":true,"href":"https:\/\/crarn.org.br\/index.php?rest_route=%2Fwp%2Fv2%2Fcomments&post=66910"}],"version-history":[{"count":1,"href":"https:\/\/crarn.org.br\/index.php?rest_route=\/wp\/v2\/posts\/66910\/revisions"}],"predecessor-version":[{"id":66912,"href":"https:\/\/crarn.org.br\/index.php?rest_route=\/wp\/v2\/posts\/66910\/revisions\/66912"}],"wp:featuredmedia":[{"embeddable":true,"href":"https:\/\/crarn.org.br\/index.php?rest_route=\/wp\/v2\/media\/66911"}],"wp:attachment":[{"href":"https:\/\/crarn.org.br\/index.php?rest_route=%2Fwp%2Fv2%2Fmedia&parent=66910"}],"wp:term":[{"taxonomy":"category","embeddable":true,"href":"https:\/\/crarn.org.br\/index.php?rest_route=%2Fwp%2Fv2%2Fcategories&post=66910"},{"taxonomy":"post_tag","embeddable":true,"href":"https:\/\/crarn.org.br\/index.php?rest_route=%2Fwp%2Fv2%2Ftags&post=66910"}],"curies":[{"name":"wp","href":"https:\/\/api.w.org\/{rel}","templated":true}]}}