{"id":66906,"date":"2024-06-12T16:37:34","date_gmt":"2024-06-12T19:37:34","guid":{"rendered":"https:\/\/crarn.org.br\/?p=66906"},"modified":"2024-06-12T16:37:36","modified_gmt":"2024-06-12T19:37:36","slug":"fiscalizacao-do-cra-rn-conhece-o-prospecta-licita","status":"publish","type":"post","link":"https:\/\/crarn.org.br\/?p=66906","title":{"rendered":"Fiscaliza\u00e7\u00e3o do CRA-RN conhece o \u201cProspecta Licita\u201d"},"content":{"rendered":"\n<p>O Conselho Federal de Administra\u00e7\u00e3o \u2013 CFA realizou um treinamento virtual, nesta ter\u00e7a-feira (11\/06), para apresenta\u00e7\u00e3o do Prospecta Licita ao setor de fiscaliza\u00e7\u00e3o dos regionais, com a participa\u00e7\u00e3o da equipe do CRA-RN.<\/p>\n<p>Prospecta Licita \u00e9 uma ferramenta de busca que permite identificar contrata\u00e7\u00f5es, ou seja, editais de licita\u00e7\u00f5es ainda em andamento e , tamb\u00e9m, contratos vigentes, relacionados \u00e0 presta\u00e7\u00f5es de servi\u00e7os.<\/p>\n<p>Esta ferramenta utiliza como base de pesquisa, os dados do Portal Nacional de Compras P\u00fablicas \u2013 PNCP e oferece aos conselhos, a possibilidade de agilizar o trabalho de fiscaliza\u00e7\u00e3o, atrav\u00e9s da centraliza\u00e7\u00e3o e atualiza\u00e7\u00e3o de informa\u00e7\u00f5es sobre processos de contrata\u00e7\u00f5es p\u00fablicas nos campos de atua\u00e7\u00e3o do administrador.<\/p>\n<p>Com a utiliza\u00e7\u00e3o desta plataforma, os regionais passam a ter um controle maior da habilita\u00e7\u00e3o e qualifica\u00e7\u00e3o t\u00e9cnica das empresas prestadoras de servi\u00e7os junto aos \u00f3rg\u00e3os p\u00fablicos do RN.<\/p>\n<p>Al\u00e9m de apresentar o Prospecta Licita, o treinamento teve a finalidade de explicar a sua forma de operacionaliza\u00e7\u00e3o.<\/p>\n<p>O programa j\u00e1 est\u00e1 dispon\u00edvel e vem sendo utilizado pelos CRAs.<\/p>\n<button class=\"simplefavorite-button\" data-postid=\"66906\" data-siteid=\"1\" data-groupid=\"1\" data-favoritecount=\"0\" style=\"\">Favorite <i class=\"sf-icon-star-empty\"><\/i><\/button>","protected":false},"excerpt":{"rendered":"<p>O Conselho Federal de Administra\u00e7\u00e3o \u2013 CFA realizou um treinamento virtual, nesta ter\u00e7a-feira (11\/06), para apresenta\u00e7\u00e3o do Prospecta Licita ao setor de fiscaliza\u00e7\u00e3o dos regionais, com a participa\u00e7\u00e3o da equipe do CRA-RN. Prospecta Licita \u00e9 uma ferramenta de busca que permite identificar contrata\u00e7\u00f5es, ou seja, editais de licita\u00e7\u00f5es ainda em andamento e , tamb\u00e9m, contratos<a class=\"read-more\" href=\"https:\/\/crarn.org.br\/?p=66906\"> [&hellip;]<\/a><\/p>\n","protected":false},"author":26,"featured_media":66907,"comment_status":"closed","ping_status":"open","sticky":true,"template":"","format":"standard","meta":{"_price":"","_stock":"","_tribe_ticket_header":"","_tribe_default_ticket_provider":"","_tribe_ticket_capacity":"0","_ticket_start_date":"","_ticket_end_date":"","_tribe_ticket_show_description":"","_tribe_ticket_show_not_going":false,"_tribe_ticket_use_global_stock":"","_tribe_ticket_global_stock_level":"","_global_stock_mode":"","_global_stock_cap":"","_tribe_rsvp_for_event":"","_tribe_ticket_going_count":"","_tribe_ticket_not_going_count":"","_tribe_tickets_list":"[]","_tribe_ticket_has_attendee_info_fields":false,"footnotes":"","_links_to":"","_links_to_target":""},"categories":[580,310,320,399,309],"tags":[],"class_list":["post-66906","post","type-post","status-publish","format-standard","has-post-thumbnail","hentry","category-ano-2024","category-destaque-grande","category-home","category-institucional","category-ultimas-noticias","entry","has-media"],"_links":{"self":[{"href":"https:\/\/crarn.org.br\/index.php?rest_route=\/wp\/v2\/posts\/66906","targetHints":{"allow":["GET"]}}],"collection":[{"href":"https:\/\/crarn.org.br\/index.php?rest_route=\/wp\/v2\/posts"}],"about":[{"href":"https:\/\/crarn.org.br\/index.php?rest_route=\/wp\/v2\/types\/post"}],"author":[{"embeddable":true,"href":"https:\/\/crarn.org.br\/index.php?rest_route=\/wp\/v2\/users\/26"}],"replies":[{"embeddable":true,"href":"https:\/\/crarn.org.br\/index.php?rest_route=%2Fwp%2Fv2%2Fcomments&post=66906"}],"version-history":[{"count":1,"href":"https:\/\/crarn.org.br\/index.php?rest_route=\/wp\/v2\/posts\/66906\/revisions"}],"predecessor-version":[{"id":66908,"href":"https:\/\/crarn.org.br\/index.php?rest_route=\/wp\/v2\/posts\/66906\/revisions\/66908"}],"wp:featuredmedia":[{"embeddable":true,"href":"https:\/\/crarn.org.br\/index.php?rest_route=\/wp\/v2\/media\/66907"}],"wp:attachment":[{"href":"https:\/\/crarn.org.br\/index.php?rest_route=%2Fwp%2Fv2%2Fmedia&parent=66906"}],"wp:term":[{"taxonomy":"category","embeddable":true,"href":"https:\/\/crarn.org.br\/index.php?rest_route=%2Fwp%2Fv2%2Fcategories&post=66906"},{"taxonomy":"post_tag","embeddable":true,"href":"https:\/\/crarn.org.br\/index.php?rest_route=%2Fwp%2Fv2%2Ftags&post=66906"}],"curies":[{"name":"wp","href":"https:\/\/api.w.org\/{rel}","templated":true}]}}