{"id":66898,"date":"2024-06-10T15:48:54","date_gmt":"2024-06-10T18:48:54","guid":{"rendered":"https:\/\/crarn.org.br\/?p=66898"},"modified":"2024-06-10T15:48:56","modified_gmt":"2024-06-10T18:48:56","slug":"presidente-do-cra-rn-participa-de-painel-no-erpa-nordeste","status":"publish","type":"post","link":"https:\/\/crarn.org.br\/?p=66898","title":{"rendered":"Presidente do CRA-RN participa de painel no ERPA Nordeste"},"content":{"rendered":"\n<p>Na semana passada, dias 06 e 07\/06, Caruaru reuniu profissionais de Administra\u00e7\u00e3o no Encontro Regional de Profissionais de Administra\u00e7\u00e3o da Regi\u00e3o Nordeste 2024, realizado pela primeira vez no estado de Pernambuco.<\/p>\n<p>No segundo dia do evento, o presidente do CRA-RN, Adm. Fl\u00e1vio Em\u00edlio Cavalcanti, participou do painel de Recursos Humanos sobre \u201cGest\u00e3o de Talentos Criativos: Desafios e Estrat\u00e9gias\u201d, que abriu a manh\u00e3 de debates e contou, tamb\u00e9m, com a participa\u00e7\u00e3o da coordenadora da Comiss\u00e3o ADM Mulher do CRA-PE, Adm. Fabiana Soares e do presidente do CRA-PA, Adm. F\u00e1bio L\u00facio.<\/p>\n<p>Ap\u00f3s a apresenta\u00e7\u00e3o da administradora Fabiana Soares, que apontou a diversidade e inclus\u00e3o como uma das mais importantes estrat\u00e9gias para lidar com talentos de mentes brilhantes e criativas, o presidente Fl\u00e1vio Em\u00edlio Cavalcanti, concordou e elencou compet\u00eancias e atitudes que nenhum profissional pode abrir m\u00e3o, como pensamento anal\u00edtico, criativo e inovador, resili\u00eancia, flexibilidade e agilidade, motiva\u00e7\u00e3o e autoconsci\u00eancia. \u201cAssim como curiosidade e aprendizado cont\u00ednuo. Ir atr\u00e1s, inclusive, de conhecimentos e informa\u00e7\u00f5es fora da \u00e1rea de Administra\u00e7\u00e3o, ampliar o espectro. Ningu\u00e9m aguenta gente monotem\u00e1tica n\u00e3o, pessoal. Voc\u00ea conhece gente assim\u201d, pontuou.<\/p>\n<p>Durante dois dias, o Erpa Nordeste reuniu cerca de 900 participantes no Centro de Conven\u00e7\u00f5es Empres\u00e1rio Djalma Farias Cintra, que ouviram nomes de destaque da Administra\u00e7\u00e3o que compartilharam experi\u00eancias enriquecedoras sobre \u201cAdministra\u00e7\u00e3o na Economia Criativa\u201d.<\/p>\n<p>\u00a0<\/p>\n<p>*Com informa\u00e7\u00f5es do www.cfa.org.br.<\/p>\n<button class=\"simplefavorite-button\" data-postid=\"66898\" data-siteid=\"1\" data-groupid=\"1\" data-favoritecount=\"0\" style=\"\">Favorite <i class=\"sf-icon-star-empty\"><\/i><\/button>","protected":false},"excerpt":{"rendered":"<p>Na semana passada, dias 06 e 07\/06, Caruaru reuniu profissionais de Administra\u00e7\u00e3o no Encontro Regional de Profissionais de Administra\u00e7\u00e3o da Regi\u00e3o Nordeste 2024, realizado pela primeira vez no estado de Pernambuco. No segundo dia do evento, o presidente do CRA-RN, Adm. Fl\u00e1vio Em\u00edlio Cavalcanti, participou do painel de Recursos Humanos sobre \u201cGest\u00e3o de Talentos Criativos:<a class=\"read-more\" href=\"https:\/\/crarn.org.br\/?p=66898\"> [&hellip;]<\/a><\/p>\n","protected":false},"author":26,"featured_media":66899,"comment_status":"closed","ping_status":"open","sticky":true,"template":"","format":"standard","meta":{"_price":"","_stock":"","_tribe_ticket_header":"","_tribe_default_ticket_provider":"","_tribe_ticket_capacity":"0","_ticket_start_date":"","_ticket_end_date":"","_tribe_ticket_show_description":"","_tribe_ticket_show_not_going":false,"_tribe_ticket_use_global_stock":"","_tribe_ticket_global_stock_level":"","_global_stock_mode":"","_global_stock_cap":"","_tribe_rsvp_for_event":"","_tribe_ticket_going_count":"","_tribe_ticket_not_going_count":"","_tribe_tickets_list":"[]","_tribe_ticket_has_attendee_info_fields":false,"footnotes":"","_links_to":"","_links_to_target":""},"categories":[580,310,320,399,309],"tags":[],"class_list":["post-66898","post","type-post","status-publish","format-standard","has-post-thumbnail","hentry","category-ano-2024","category-destaque-grande","category-home","category-institucional","category-ultimas-noticias","entry","has-media"],"_links":{"self":[{"href":"https:\/\/crarn.org.br\/index.php?rest_route=\/wp\/v2\/posts\/66898","targetHints":{"allow":["GET"]}}],"collection":[{"href":"https:\/\/crarn.org.br\/index.php?rest_route=\/wp\/v2\/posts"}],"about":[{"href":"https:\/\/crarn.org.br\/index.php?rest_route=\/wp\/v2\/types\/post"}],"author":[{"embeddable":true,"href":"https:\/\/crarn.org.br\/index.php?rest_route=\/wp\/v2\/users\/26"}],"replies":[{"embeddable":true,"href":"https:\/\/crarn.org.br\/index.php?rest_route=%2Fwp%2Fv2%2Fcomments&post=66898"}],"version-history":[{"count":1,"href":"https:\/\/crarn.org.br\/index.php?rest_route=\/wp\/v2\/posts\/66898\/revisions"}],"predecessor-version":[{"id":66900,"href":"https:\/\/crarn.org.br\/index.php?rest_route=\/wp\/v2\/posts\/66898\/revisions\/66900"}],"wp:featuredmedia":[{"embeddable":true,"href":"https:\/\/crarn.org.br\/index.php?rest_route=\/wp\/v2\/media\/66899"}],"wp:attachment":[{"href":"https:\/\/crarn.org.br\/index.php?rest_route=%2Fwp%2Fv2%2Fmedia&parent=66898"}],"wp:term":[{"taxonomy":"category","embeddable":true,"href":"https:\/\/crarn.org.br\/index.php?rest_route=%2Fwp%2Fv2%2Fcategories&post=66898"},{"taxonomy":"post_tag","embeddable":true,"href":"https:\/\/crarn.org.br\/index.php?rest_route=%2Fwp%2Fv2%2Ftags&post=66898"}],"curies":[{"name":"wp","href":"https:\/\/api.w.org\/{rel}","templated":true}]}}