{"id":66891,"date":"2024-06-06T10:55:51","date_gmt":"2024-06-06T13:55:51","guid":{"rendered":"https:\/\/crarn.org.br\/?p=66891"},"modified":"2024-06-06T10:55:53","modified_gmt":"2024-06-06T13:55:53","slug":"cra-rn-participa-de-forum-de-presidentes-do-sistema-cfa-cras-em-caruaru","status":"publish","type":"post","link":"https:\/\/crarn.org.br\/?p=66891","title":{"rendered":"CRA-RN participa de F\u00f3rum de Presidentes do Sistema CFA\/CRAs, em Caruaru"},"content":{"rendered":"\n<p>Nesta primeira semana de junho, a cidade de Caruaru, no Agreste Pernambucano, re\u00fane representantes do Sistema CFA\/CRAs para discuss\u00f5es sobre de alinhamento da profiss\u00e3o.<\/p>\n<p>Nesta quarta e quinta-feira, O presidente do CRA-RN, Adm. Fl\u00e1vio Em\u00edlio Cavalcanti, participa do F\u00f3rum de Presidentes do Sistema.<\/p>\n<p>Durante dois dias, os gestores discutem assuntos relacionados ao funcionamento dos regionais e ao destino da profiss\u00e3o, como o PRODER; Concilia\u00e7\u00e3o de d\u00e9bitos; a\u00e7\u00f5es institucionais de marketing, comunica\u00e7\u00e3o e publicidade; regulariza\u00e7\u00e3o do docente de Administra\u00e7\u00e3o; comemora\u00e7\u00e3o dos 60 anos da profiss\u00e3o; Programa de Capacita\u00e7\u00e3o e de Forma\u00e7\u00e3o de Multiplicadores de Conhecimentos do Sistema CFA\/CRAs; Pr\u00eamio CFA \u201cBelmiro Siqueira\u201d de Administra\u00e7\u00e3o 2024; resultados do ENACON; C\u00f3digo de Conduta do Sistema CFA\/CRAs.<\/p>\n<p>Amanh\u00e3 (07\/06), Fl\u00e1vio Em\u00edlio participa, como debatedor, do Encontro Regional de Profissionais de Administra\u00e7\u00e3o da Regi\u00e3o Nordeste \u2013 ERPA, sob o tema \u201cGest\u00e3o de Talentos criativos: desafios e estrat\u00e9gias\u201d, juntamente com a coordenadora da Comiss\u00e3o ADM Mulher do CRA-PE, Adm. Fabiana Soares e o presidente do CRA-PA, Adm. F\u00e1bio L\u00facio.<\/p>\n<button class=\"simplefavorite-button\" data-postid=\"66891\" data-siteid=\"1\" data-groupid=\"1\" data-favoritecount=\"0\" style=\"\">Favorite <i class=\"sf-icon-star-empty\"><\/i><\/button>","protected":false},"excerpt":{"rendered":"<p>Nesta primeira semana de junho, a cidade de Caruaru, no Agreste Pernambucano, re\u00fane representantes do Sistema CFA\/CRAs para discuss\u00f5es sobre de alinhamento da profiss\u00e3o. Nesta quarta e quinta-feira, O presidente do CRA-RN, Adm. Fl\u00e1vio Em\u00edlio Cavalcanti, participa do F\u00f3rum de Presidentes do Sistema. Durante dois dias, os gestores discutem assuntos relacionados ao funcionamento dos regionais<a class=\"read-more\" href=\"https:\/\/crarn.org.br\/?p=66891\"> [&hellip;]<\/a><\/p>\n","protected":false},"author":26,"featured_media":66892,"comment_status":"closed","ping_status":"open","sticky":true,"template":"","format":"standard","meta":{"_price":"","_stock":"","_tribe_ticket_header":"","_tribe_default_ticket_provider":"","_tribe_ticket_capacity":"0","_ticket_start_date":"","_ticket_end_date":"","_tribe_ticket_show_description":"","_tribe_ticket_show_not_going":false,"_tribe_ticket_use_global_stock":"","_tribe_ticket_global_stock_level":"","_global_stock_mode":"","_global_stock_cap":"","_tribe_rsvp_for_event":"","_tribe_ticket_going_count":"","_tribe_ticket_not_going_count":"","_tribe_tickets_list":"[]","_tribe_ticket_has_attendee_info_fields":false,"footnotes":"","_links_to":"","_links_to_target":""},"categories":[580,310,320,399,309],"tags":[],"class_list":["post-66891","post","type-post","status-publish","format-standard","has-post-thumbnail","hentry","category-ano-2024","category-destaque-grande","category-home","category-institucional","category-ultimas-noticias","entry","has-media"],"_links":{"self":[{"href":"https:\/\/crarn.org.br\/index.php?rest_route=\/wp\/v2\/posts\/66891","targetHints":{"allow":["GET"]}}],"collection":[{"href":"https:\/\/crarn.org.br\/index.php?rest_route=\/wp\/v2\/posts"}],"about":[{"href":"https:\/\/crarn.org.br\/index.php?rest_route=\/wp\/v2\/types\/post"}],"author":[{"embeddable":true,"href":"https:\/\/crarn.org.br\/index.php?rest_route=\/wp\/v2\/users\/26"}],"replies":[{"embeddable":true,"href":"https:\/\/crarn.org.br\/index.php?rest_route=%2Fwp%2Fv2%2Fcomments&post=66891"}],"version-history":[{"count":1,"href":"https:\/\/crarn.org.br\/index.php?rest_route=\/wp\/v2\/posts\/66891\/revisions"}],"predecessor-version":[{"id":66893,"href":"https:\/\/crarn.org.br\/index.php?rest_route=\/wp\/v2\/posts\/66891\/revisions\/66893"}],"wp:featuredmedia":[{"embeddable":true,"href":"https:\/\/crarn.org.br\/index.php?rest_route=\/wp\/v2\/media\/66892"}],"wp:attachment":[{"href":"https:\/\/crarn.org.br\/index.php?rest_route=%2Fwp%2Fv2%2Fmedia&parent=66891"}],"wp:term":[{"taxonomy":"category","embeddable":true,"href":"https:\/\/crarn.org.br\/index.php?rest_route=%2Fwp%2Fv2%2Fcategories&post=66891"},{"taxonomy":"post_tag","embeddable":true,"href":"https:\/\/crarn.org.br\/index.php?rest_route=%2Fwp%2Fv2%2Ftags&post=66891"}],"curies":[{"name":"wp","href":"https:\/\/api.w.org\/{rel}","templated":true}]}}