{"id":66879,"date":"2024-06-04T15:01:55","date_gmt":"2024-06-04T18:01:55","guid":{"rendered":"https:\/\/crarn.org.br\/?p=66879"},"modified":"2024-06-04T15:01:58","modified_gmt":"2024-06-04T18:01:58","slug":"comissao-adm-mulher-entrega-certificados-do-programa-de-mentoria","status":"publish","type":"post","link":"https:\/\/crarn.org.br\/?p=66879","title":{"rendered":"Comiss\u00e3o ADM Mulher entrega certificados do Programa de Mentoria"},"content":{"rendered":"\n<p>A primeira turma do Programa de Mentorias da Comiss\u00e3o Especial ADM Mulher do CRA-RN recebeu os certificados de conclus\u00e3o em solenidade realizada nesta segunda-feira (03\/06).<\/p>\n<p>O evento contou com a presen\u00e7a do presidente do CRA-RN, Adm. Fl\u00e1vio Em\u00edlio Cavalcanti; da coordenadora da Comiss\u00e3o, Adm. Ione Salem e da diretora de Fiscaliza\u00e7\u00e3o e Registro do CRA-RN, Adm. Kate Maciel, al\u00e9m das mentoras Adm. Alice Dantas, Adm. C\u00e9lia Buarque, Adm. Simone Rom\u00e3o e Adm. Tatiana Costa Pinto, participantes do programa, familiares e colaboradores do regional.<\/p>\n<p>Ao abrir a cerim\u00f4nia, o presidente Fl\u00e1vio Em\u00edlio destacou o fechamento do primeiro ciclo do projeto, prometendo que ter\u00e1 continuidade de uma forma mais abrangente. \u201cFico muito feliz com a conclus\u00e3o desta primeira turma e, com certeza, teremos outras edi\u00e7\u00f5es das mentorias. Teremos novidades, fiquem atentos\u201d, alertou.<\/p>\n<p>A coordenadora da Comiss\u00e3o ADM Mulher, Ione Salem, lembrou a import\u00e2ncia de um programa como este para dar suporte aos estudantes que saem das universidades sem um direcionamento profissional. \u201cPara estes alunos e outros tantos, n\u00f3s \u2013 o CRA-RN \u2013 precisamos ser um farol, uma b\u00fassola, para que ele possa enfrentar o mercado de trabalho e reduzir, um pouco, o tamanho dos seus desafios\u201d, afirmou.<\/p>\n<p>No momento da entrega dos certificados, os participantes do programa falaram um pouco sobre a experi\u00eancia, agradeceram ao Conselho e \u00e0 Comiss\u00e3o ADM Mulher pela oportunidade e \u00e0s mentoras pelo compartilhamento de conhecimentos, ressaltando import\u00e2ncia da mentoria para a vida pessoal e, at\u00e9 mesmo, para a vida pessoal.<\/p>\n<p>O programa ofereceu mentorias nas \u00e1reas de Gest\u00e3o de Carreiras, Planejamento Estrat\u00e9gico e, Gest\u00e3o Financeira e Administrativa e contou com a participa\u00e7\u00e3o dos profissionais Danielly Cassiano de Oliveira Neto, Eugenia Patr\u00edcia de Almeida Seixas, Gabriela Maria Ferreira da Costa, Gl\u00edvia Suiane Borges Germano e Silva, Camilla Ferreira de Brito, Karla Dayane Bezerra Cruz,, Eva Wilma Silva do Nascimento, Fernanda Nere da Silva Trindade Bellaver, \u00a0Haline Morais Falc\u00e3o, Natanael Manoel de Medeiros Campelo, Ant\u00f4nia Fl\u00e1via Moura Casimiro, Emanuele Rodrigues do Nascimento, Luiz Eduardo Souza Peixoto, \u2060Patr\u00edcia da Silva Dantas Aguiar e \u00a0\u2060Paula Gon\u00e7alves Serafini.<\/p>\n<p>Al\u00e9m dos concluintes, as mentoras e a equipe gestora do projeto receberam o certificado<\/p>\n<p>\u00a0<\/p>\n<p>\u00a0<\/p>\n<p>\u00a0<\/p>\n<p>\u00a0<\/p>\n<p>\u00a0<\/p>\n<p>\u00a0<\/p>\n<p>\u00a0<\/p>\n<p>\u00a0<\/p>\n<p>\u00a0<\/p>\n<p>\u00a0<\/p>\n<p>\u00a0<\/p>\n<p>\u00a0<\/p>\n<p>\u00a0<\/p>\n<p>\u00a0<\/p>\n<button class=\"simplefavorite-button\" data-postid=\"66879\" data-siteid=\"1\" data-groupid=\"1\" data-favoritecount=\"0\" style=\"\">Favorite <i class=\"sf-icon-star-empty\"><\/i><\/button>","protected":false},"excerpt":{"rendered":"<p>A primeira turma do Programa de Mentorias da Comiss\u00e3o Especial ADM Mulher do CRA-RN recebeu os certificados de conclus\u00e3o em solenidade realizada nesta segunda-feira (03\/06). O evento contou com a presen\u00e7a do presidente do CRA-RN, Adm. Fl\u00e1vio Em\u00edlio Cavalcanti; da coordenadora da Comiss\u00e3o, Adm. Ione Salem e da diretora de Fiscaliza\u00e7\u00e3o e Registro do CRA-RN,<a class=\"read-more\" href=\"https:\/\/crarn.org.br\/?p=66879\"> [&hellip;]<\/a><\/p>\n","protected":false},"author":26,"featured_media":66880,"comment_status":"closed","ping_status":"open","sticky":false,"template":"","format":"standard","meta":{"_price":"","_stock":"","_tribe_ticket_header":"","_tribe_default_ticket_provider":"","_tribe_ticket_capacity":"0","_ticket_start_date":"","_ticket_end_date":"","_tribe_ticket_show_description":"","_tribe_ticket_show_not_going":false,"_tribe_ticket_use_global_stock":"","_tribe_ticket_global_stock_level":"","_global_stock_mode":"","_global_stock_cap":"","_tribe_rsvp_for_event":"","_tribe_ticket_going_count":"","_tribe_ticket_not_going_count":"","_tribe_tickets_list":"[]","_tribe_ticket_has_attendee_info_fields":false,"footnotes":"","_links_to":"","_links_to_target":""},"categories":[580,310,320,399,309],"tags":[],"class_list":["post-66879","post","type-post","status-publish","format-standard","has-post-thumbnail","hentry","category-ano-2024","category-destaque-grande","category-home","category-institucional","category-ultimas-noticias","entry","has-media"],"_links":{"self":[{"href":"https:\/\/crarn.org.br\/index.php?rest_route=\/wp\/v2\/posts\/66879","targetHints":{"allow":["GET"]}}],"collection":[{"href":"https:\/\/crarn.org.br\/index.php?rest_route=\/wp\/v2\/posts"}],"about":[{"href":"https:\/\/crarn.org.br\/index.php?rest_route=\/wp\/v2\/types\/post"}],"author":[{"embeddable":true,"href":"https:\/\/crarn.org.br\/index.php?rest_route=\/wp\/v2\/users\/26"}],"replies":[{"embeddable":true,"href":"https:\/\/crarn.org.br\/index.php?rest_route=%2Fwp%2Fv2%2Fcomments&post=66879"}],"version-history":[{"count":1,"href":"https:\/\/crarn.org.br\/index.php?rest_route=\/wp\/v2\/posts\/66879\/revisions"}],"predecessor-version":[{"id":66881,"href":"https:\/\/crarn.org.br\/index.php?rest_route=\/wp\/v2\/posts\/66879\/revisions\/66881"}],"wp:featuredmedia":[{"embeddable":true,"href":"https:\/\/crarn.org.br\/index.php?rest_route=\/wp\/v2\/media\/66880"}],"wp:attachment":[{"href":"https:\/\/crarn.org.br\/index.php?rest_route=%2Fwp%2Fv2%2Fmedia&parent=66879"}],"wp:term":[{"taxonomy":"category","embeddable":true,"href":"https:\/\/crarn.org.br\/index.php?rest_route=%2Fwp%2Fv2%2Fcategories&post=66879"},{"taxonomy":"post_tag","embeddable":true,"href":"https:\/\/crarn.org.br\/index.php?rest_route=%2Fwp%2Fv2%2Ftags&post=66879"}],"curies":[{"name":"wp","href":"https:\/\/api.w.org\/{rel}","templated":true}]}}