{"id":66871,"date":"2024-06-03T14:40:55","date_gmt":"2024-06-03T17:40:55","guid":{"rendered":"https:\/\/crarn.org.br\/?p=66871"},"modified":"2024-06-03T14:45:21","modified_gmt":"2024-06-03T17:45:21","slug":"eleicoes-chegou-o-periodo-para-regularizar-requisitos-de-elegibilidade","status":"publish","type":"post","link":"https:\/\/crarn.org.br\/?p=66871","title":{"rendered":"Elei\u00e7\u00f5es: chegou o per\u00edodo para regularizar requisitos de elegibilidade"},"content":{"rendered":"\n<p>Fique atento a todos os prazos do processo eleitoral do Sistema CFA\/CRAs. Chegou o momento de mais um per\u00edodo importante para o rito.\u00a0<\/p>\n<p>Entre os dias 3 e 5 de junho o representante de chapa\/candidato dever\u00e1 regularizar os requisitos de elegibilidade. J\u00e1 entre os dias 6 a 10 de junho v\u00e3o ser feitas as an\u00e1lises de elegibilidade dos candidatos substitutos.<\/p>\n<p>No dia 11 ser\u00e1 feita a divulga\u00e7\u00e3o da rela\u00e7\u00e3o dos pedidos de chapas. A lista ser\u00e1 publicada no site votaadministrador.org.br<\/p>\n<p>Essa \u00e9 mais uma etapa do processo eleitoral que faz parte do cronograma estabelecido para o pleito. O objetivo \u00e9 mostrar o quanto o processo \u00e9 transparente e flui para que ocorra de forma justa a todos os envolvidos.\u00a0\u00a0<\/p>\n<blockquote>\n<p><strong>Elei\u00e7\u00f5es CFA\/CRAs<\/strong><\/p>\n<\/blockquote>\n<p>O voto \u00e9 obrigat\u00f3rio e o profissional precisa estar com as anuidades quitadas ou estar regular junto ao parcelamento de d\u00e9bitos. De acordo com o edital de convoca\u00e7\u00e3o, a vota\u00e7\u00e3o ocorrer\u00e1 no dia 18 de setembro. S\u00f3 ser\u00e1 poss\u00edvel participar mediante senha individual fornecida pelo CFA aos Profissionais de Administra\u00e7\u00e3o adimplentes, integrantes do Col\u00e9gio Eleitoral constitu\u00eddo no dia 29\/07.<\/p>\n<p>Nesta elei\u00e7\u00e3o, um ter\u00e7o dos cargos de conselheiros federais e regionais referem-se a vagas obrigat\u00f3rias, com mandato de 4 anos, sendo vagas para preenchimento de mandato de Conselheiros Efetivos e seus respectivos suplentes.<\/p>\n<p>As chapas indicar\u00e3o os candidatos para renova\u00e7\u00e3o dos mandatos efetivos e os seus respectivos suplentes, sendo tr\u00eas efetivos e tr\u00eas suplentes. Com exce\u00e7\u00e3o dos regionais do Distrito Federal; Minas Gerais; Rio de Janeiro; e Rio Grande do Sul, em que ser\u00e3o quatro efetivos e quatro suplentes.<\/p>\n<blockquote>\n<p><strong>Site<\/strong><\/p>\n<\/blockquote>\n<p>Ser\u00e1 por meio do votaadministrador.org.br que todo o processo eleitoral deste ano ser\u00e1 realizado. Por isso, \u00e9 importante acessar e ficar atento ao portal eleitoral. O p\u00fablico tamb\u00e9m j\u00e1 tem acesso \u00e0 Cartilha Eleitoral 2024.\u00a0<\/p>\n<p>O documento online traz todos os detalhes das elei\u00e7\u00f5es de uma forma f\u00e1cil, interativa e din\u00e2mica de entendimento. Na cartilha \u00e9 poss\u00edvel acompanhar todas as datas importantes e tamb\u00e9m saber todo o passo a passo para a realiza\u00e7\u00e3o do pleito.<\/p>\n<p>\u00a0<\/p>\n<p>*Com informa\u00e7\u00f5es do www.cfa.org.br<\/p>\n<button class=\"simplefavorite-button\" data-postid=\"66871\" data-siteid=\"1\" data-groupid=\"1\" data-favoritecount=\"0\" style=\"\">Favorite <i class=\"sf-icon-star-empty\"><\/i><\/button>","protected":false},"excerpt":{"rendered":"<p>Fique atento a todos os prazos do processo eleitoral do Sistema CFA\/CRAs. Chegou o momento de mais um per\u00edodo importante para o rito.\u00a0 Entre os dias 3 e 5 de junho o representante de chapa\/candidato dever\u00e1 regularizar os requisitos de elegibilidade. J\u00e1 entre os dias 6 a 10 de junho v\u00e3o ser feitas as an\u00e1lises<a class=\"read-more\" href=\"https:\/\/crarn.org.br\/?p=66871\"> [&hellip;]<\/a><\/p>\n","protected":false},"author":26,"featured_media":66872,"comment_status":"closed","ping_status":"open","sticky":true,"template":"","format":"standard","meta":{"_price":"","_stock":"","_tribe_ticket_header":"","_tribe_default_ticket_provider":"","_tribe_ticket_capacity":"0","_ticket_start_date":"","_ticket_end_date":"","_tribe_ticket_show_description":"","_tribe_ticket_show_not_going":false,"_tribe_ticket_use_global_stock":"","_tribe_ticket_global_stock_level":"","_global_stock_mode":"","_global_stock_cap":"","_tribe_rsvp_for_event":"","_tribe_ticket_going_count":"","_tribe_ticket_not_going_count":"","_tribe_tickets_list":"[]","_tribe_ticket_has_attendee_info_fields":false,"footnotes":"","_links_to":"","_links_to_target":""},"categories":[580,310,400,320,399,309],"tags":[],"class_list":["post-66871","post","type-post","status-publish","format-standard","has-post-thumbnail","hentry","category-ano-2024","category-destaque-grande","category-eleicoes-do-sistema-cfa-cras","category-home","category-institucional","category-ultimas-noticias","entry","has-media"],"_links":{"self":[{"href":"https:\/\/crarn.org.br\/index.php?rest_route=\/wp\/v2\/posts\/66871","targetHints":{"allow":["GET"]}}],"collection":[{"href":"https:\/\/crarn.org.br\/index.php?rest_route=\/wp\/v2\/posts"}],"about":[{"href":"https:\/\/crarn.org.br\/index.php?rest_route=\/wp\/v2\/types\/post"}],"author":[{"embeddable":true,"href":"https:\/\/crarn.org.br\/index.php?rest_route=\/wp\/v2\/users\/26"}],"replies":[{"embeddable":true,"href":"https:\/\/crarn.org.br\/index.php?rest_route=%2Fwp%2Fv2%2Fcomments&post=66871"}],"version-history":[{"count":4,"href":"https:\/\/crarn.org.br\/index.php?rest_route=\/wp\/v2\/posts\/66871\/revisions"}],"predecessor-version":[{"id":66877,"href":"https:\/\/crarn.org.br\/index.php?rest_route=\/wp\/v2\/posts\/66871\/revisions\/66877"}],"wp:featuredmedia":[{"embeddable":true,"href":"https:\/\/crarn.org.br\/index.php?rest_route=\/wp\/v2\/media\/66872"}],"wp:attachment":[{"href":"https:\/\/crarn.org.br\/index.php?rest_route=%2Fwp%2Fv2%2Fmedia&parent=66871"}],"wp:term":[{"taxonomy":"category","embeddable":true,"href":"https:\/\/crarn.org.br\/index.php?rest_route=%2Fwp%2Fv2%2Fcategories&post=66871"},{"taxonomy":"post_tag","embeddable":true,"href":"https:\/\/crarn.org.br\/index.php?rest_route=%2Fwp%2Fv2%2Ftags&post=66871"}],"curies":[{"name":"wp","href":"https:\/\/api.w.org\/{rel}","templated":true}]}}