{"id":66862,"date":"2024-05-29T12:46:53","date_gmt":"2024-05-29T15:46:53","guid":{"rendered":"https:\/\/crarn.org.br\/?p=66862"},"modified":"2024-05-29T12:46:56","modified_gmt":"2024-05-29T15:46:56","slug":"fiscalizacao-do-cra-rn-conclui-acoes-na-regiao-agreste","status":"publish","type":"post","link":"https:\/\/crarn.org.br\/?p=66862","title":{"rendered":"Fiscaliza\u00e7\u00e3o do CRA-RN conclui a\u00e7\u00f5es na regi\u00e3o Agreste"},"content":{"rendered":"\n<p>Dando continuidade \u00e0s a\u00e7\u00f5es de orienta\u00e7\u00e3o, sensibiliza\u00e7\u00e3o e fiscaliza\u00e7\u00e3o a equipe do CRA-RN concluiu a regi\u00e3o Agreste Potiguar nos \u00faltimos dias.<\/p>\n\n\n\n<p>A coordenadora de fiscaliza\u00e7\u00e3o, Adm. Tatiana Costa Pinto e o fiscal, Adm. F\u00e1bio Maia visitaram os munic\u00edpios de Boa Sa\u00fade, S\u00e3o Jos\u00e9 de Campestre, Passa e Fica, Tangar\u00e1 e Bom Jesus, nos dias 20 e 21 de maioe, no dia 27, estiveram na cidade de Santa Cruz.<\/p>\n\n\n\n<p>Em todos as cidades, a equipe participou de reuni\u00f5es com os secret\u00e1rios e equipes auxiliares da gest\u00e3o municipal. Tomando como base a an\u00e1lise dos portais de transpar\u00eancia de cada uma, foram fiscalizadas as habilita\u00e7\u00f5es t\u00e9cnicas das empresas prestadoras de servi\u00e7os com contratos vigentes em campos de atua\u00e7\u00e3o dos profissionais de administra\u00e7\u00e3o. Entre os principais contratos fiscalizados, fundamentado no que determina a legisla\u00e7\u00e3o espec\u00edfica, est\u00e3o os de Consultoria e Assessoria Administrativa\/Licita\u00e7\u00f5es\/Gest\u00e3o P\u00fablica\/Recursos Humanos; Treinamento e Desenvolvimento Gerencial e Profissional; Limpeza P\u00fablica; Terceiriza\u00e7\u00e3o de Servi\u00e7os\/Loca\u00e7\u00e3o de M\u00e3o de Obra Especializada; Organiza\u00e7\u00e3o de Eventos e elabora\u00e7\u00e3o de Concurso P\u00fablico<\/p>\n\n\n\n<p>Nas reuni\u00f5es, tamb\u00e9m foram discutidas as oportunidades para profissionais de administra\u00e7\u00e3o na gest\u00e3o p\u00fablica, os editais de concurso p\u00fablico, as qualifica\u00e7\u00f5es profissionais para ocupantes de cargos comissionados em \u00e1reas da administra\u00e7\u00e3o e a supervis\u00e3o de est\u00e1gios na \u00e1rea.<\/p>\n\n\n\n<p>No in\u00edcio do segundo semestre a fiscaliza\u00e7\u00e3o ser\u00e1 direcionada para a regi\u00e3o Central do estado.<\/p>\n\n\n<button class=\"simplefavorite-button\" data-postid=\"66862\" data-siteid=\"1\" data-groupid=\"1\" data-favoritecount=\"0\" style=\"\">Favorite <i class=\"sf-icon-star-empty\"><\/i><\/button>","protected":false},"excerpt":{"rendered":"<p>Dando continuidade \u00e0s a\u00e7\u00f5es de orienta\u00e7\u00e3o, sensibiliza\u00e7\u00e3o e fiscaliza\u00e7\u00e3o a equipe do CRA-RN concluiu a regi\u00e3o Agreste Potiguar nos \u00faltimos dias. A coordenadora de fiscaliza\u00e7\u00e3o, Adm. Tatiana Costa Pinto e o fiscal, Adm. F\u00e1bio Maia visitaram os munic\u00edpios de Boa Sa\u00fade, S\u00e3o Jos\u00e9 de Campestre, Passa e Fica, Tangar\u00e1 e Bom Jesus, nos dias 20<a class=\"read-more\" href=\"https:\/\/crarn.org.br\/?p=66862\"> [&hellip;]<\/a><\/p>\n","protected":false},"author":26,"featured_media":66864,"comment_status":"closed","ping_status":"open","sticky":true,"template":"","format":"standard","meta":{"_price":"","_stock":"","_tribe_ticket_header":"","_tribe_default_ticket_provider":"","_tribe_ticket_capacity":"0","_ticket_start_date":"","_ticket_end_date":"","_tribe_ticket_show_description":"","_tribe_ticket_show_not_going":false,"_tribe_ticket_use_global_stock":"","_tribe_ticket_global_stock_level":"","_global_stock_mode":"","_global_stock_cap":"","_tribe_rsvp_for_event":"","_tribe_ticket_going_count":"","_tribe_ticket_not_going_count":"","_tribe_tickets_list":"[]","_tribe_ticket_has_attendee_info_fields":false,"footnotes":"","_links_to":"","_links_to_target":""},"categories":[580,310,320,399,309],"tags":[],"class_list":["post-66862","post","type-post","status-publish","format-standard","has-post-thumbnail","hentry","category-ano-2024","category-destaque-grande","category-home","category-institucional","category-ultimas-noticias","entry","has-media"],"_links":{"self":[{"href":"https:\/\/crarn.org.br\/index.php?rest_route=\/wp\/v2\/posts\/66862","targetHints":{"allow":["GET"]}}],"collection":[{"href":"https:\/\/crarn.org.br\/index.php?rest_route=\/wp\/v2\/posts"}],"about":[{"href":"https:\/\/crarn.org.br\/index.php?rest_route=\/wp\/v2\/types\/post"}],"author":[{"embeddable":true,"href":"https:\/\/crarn.org.br\/index.php?rest_route=\/wp\/v2\/users\/26"}],"replies":[{"embeddable":true,"href":"https:\/\/crarn.org.br\/index.php?rest_route=%2Fwp%2Fv2%2Fcomments&post=66862"}],"version-history":[{"count":1,"href":"https:\/\/crarn.org.br\/index.php?rest_route=\/wp\/v2\/posts\/66862\/revisions"}],"predecessor-version":[{"id":66865,"href":"https:\/\/crarn.org.br\/index.php?rest_route=\/wp\/v2\/posts\/66862\/revisions\/66865"}],"wp:featuredmedia":[{"embeddable":true,"href":"https:\/\/crarn.org.br\/index.php?rest_route=\/wp\/v2\/media\/66864"}],"wp:attachment":[{"href":"https:\/\/crarn.org.br\/index.php?rest_route=%2Fwp%2Fv2%2Fmedia&parent=66862"}],"wp:term":[{"taxonomy":"category","embeddable":true,"href":"https:\/\/crarn.org.br\/index.php?rest_route=%2Fwp%2Fv2%2Fcategories&post=66862"},{"taxonomy":"post_tag","embeddable":true,"href":"https:\/\/crarn.org.br\/index.php?rest_route=%2Fwp%2Fv2%2Ftags&post=66862"}],"curies":[{"name":"wp","href":"https:\/\/api.w.org\/{rel}","templated":true}]}}