{"id":66843,"date":"2024-05-22T12:50:47","date_gmt":"2024-05-22T15:50:47","guid":{"rendered":"https:\/\/crarn.org.br\/?p=66843"},"modified":"2024-05-22T12:59:26","modified_gmt":"2024-05-22T15:59:26","slug":"cfa-da-inicio-a-campanha-de-atualizacao-cadastral-na-administracao","status":"publish","type":"post","link":"https:\/\/crarn.org.br\/?p=66843","title":{"rendered":"CFA d\u00e1 in\u00edcio a campanha de atualiza\u00e7\u00e3o cadastral na Administra\u00e7\u00e3o"},"content":{"rendered":"\n<h3><i>Atualiza\u00e7\u00e3o garante comunica\u00e7\u00e3o mais efetiva com profissionais registrados<\/i><\/h3>\n<p>\u00a0<\/p>\n<p>No dia 18 de setembro deste ano, os profissionais de Administra\u00e7\u00e3o t\u00eam um compromisso: participar da constru\u00e7\u00e3o de uma profiss\u00e3o mais s\u00f3lida e reconhecida. E para garantir a aptid\u00e3o e o direito de escolher seus representantes nas Elei\u00e7\u00f5es do Sistema CFA\/CRAS, o profissional registrado deve manter seu cadastro atualizado junto aos Conselhos Regionais de Administra\u00e7\u00e3o espalhados pelo Brasil. O coordenador da Comiss\u00e3o Eleitoral, Adm. Mauro Le\u00f4nidas, destaca que essa atualiza\u00e7\u00e3o tamb\u00e9m \u00e9 necess\u00e1ria para ficar por dentro das outras a\u00e7\u00f5es e informa\u00e7\u00f5es dos regionais e do CFA:<\/p>\n<p>\u201cA atualiza\u00e7\u00e3o cadastral torna a nossa comunica\u00e7\u00e3o com profissional de Administra\u00e7\u00e3o mais efetiva. Al\u00e9m de dados atualizados para que o Regional forme o col\u00e9gio eleitoral, \u00e9 por meio desse cadastro que o CFA garante que a informa\u00e7\u00e3o com as orienta\u00e7\u00f5es sobre as elei\u00e7\u00f5es e outros assuntos, como fiscaliza\u00e7\u00e3o, conv\u00eanios e eventos, chegue a quem de fato deve chegar, seja por e-mail ou SMS.\u201d<\/p>\n<p>Para atualizar os dados, o profissional de administra\u00e7\u00e3o precisa procurar o seu CRA onde possui o registro principal.\u00a0<\/p>\n<p>\u201cImportante n\u00e3o deixar para atualizar na \u00faltima hora, pois no in\u00edcio da segunda quinzena de julho, j\u00e1 temos a prepara\u00e7\u00e3o da rela\u00e7\u00e3o contendo os nomes dos profissionais de Administra\u00e7\u00e3o com registro principal ativo e adimplente e que ir\u00e3o compor o col\u00e9gio eleitoral, alerta Le\u00f4nidas\u201d<\/p>\n<p>O pleito de 2024 vai renovar 1\/3 dos conselheiros federais e regionais.\u00a0 Todos os profissionais registrados e em dia com o CRA estar\u00e3o aptos a votar e escolher quem vai guiar a profiss\u00e3o pelos pr\u00f3ximos anos. Vale destacar que o registro no Conselho Regional de Administra\u00e7\u00e3o \u00e9 requisito indispens\u00e1vel para o exerc\u00edcio legal da profiss\u00e3o.<\/p>\n<p>Os registrados no CRA-RN podem atualizar seu cadastro pelo autoatendimento no link https:\/\/cra-rn.implanta.net.br\/servicosonline\/#<\/p>\n<p><b>Elei\u00e7\u00f5es CFA\/CRAs<\/b><\/p>\n<p>Neste ano,\u00a0 a vota\u00e7\u00e3o ser\u00e1 realizada, exclusivamente, pela internet por meio do site www.votacra.org.br. A qualidade e a confiabilidade do sistema de vota\u00e7\u00e3o online s\u00e3o atestadas pelo Tribunal Superior Eleitoral. Os eleitos ser\u00e3o conhecidos no dia 18 de setembro de 2024 e empossados entre 1\u00ba e 15 de janeiro de 2025.\u00a0<\/p>\n<p>Para mais informa\u00e7\u00f5es sobre as Elei\u00e7\u00f5es do Sistema CFA\/CRAs, acesse a\u00a0<a href=\"https:\/\/cfa.org.br\/wp-content\/uploads\/2024\/05\/CARTILHA_ELEITORAL-2024_v2.pdf\">Cartilha Eleitoral 2024<\/a>. O documento online traz todos os detalhes, como o passo a passo para a realiza\u00e7\u00e3o do pleito, bem como o calend\u00e1rio com datas importantes.<\/p>\n<p>\u00a0<\/p>\n<p>Adriana Mesquita<\/p>\n<p>Assessoria de Comunica\u00e7\u00e3o CFA<\/p>\n<button class=\"simplefavorite-button\" data-postid=\"66843\" data-siteid=\"1\" data-groupid=\"1\" data-favoritecount=\"0\" style=\"\">Favorite <i class=\"sf-icon-star-empty\"><\/i><\/button>","protected":false},"excerpt":{"rendered":"<p>Atualiza\u00e7\u00e3o garante comunica\u00e7\u00e3o mais efetiva com profissionais registrados \u00a0 No dia 18 de setembro deste ano, os profissionais de Administra\u00e7\u00e3o t\u00eam um compromisso: participar da constru\u00e7\u00e3o de uma profiss\u00e3o mais s\u00f3lida e reconhecida. E para garantir a aptid\u00e3o e o direito de escolher seus representantes nas Elei\u00e7\u00f5es do Sistema CFA\/CRAS, o profissional registrado deve manter<a class=\"read-more\" href=\"https:\/\/crarn.org.br\/?p=66843\"> [&hellip;]<\/a><\/p>\n","protected":false},"author":26,"featured_media":66844,"comment_status":"closed","ping_status":"open","sticky":true,"template":"","format":"standard","meta":{"_price":"","_stock":"","_tribe_ticket_header":"","_tribe_default_ticket_provider":"","_tribe_ticket_capacity":"0","_ticket_start_date":"","_ticket_end_date":"","_tribe_ticket_show_description":"","_tribe_ticket_show_not_going":false,"_tribe_ticket_use_global_stock":"","_tribe_ticket_global_stock_level":"","_global_stock_mode":"","_global_stock_cap":"","_tribe_rsvp_for_event":"","_tribe_ticket_going_count":"","_tribe_ticket_not_going_count":"","_tribe_tickets_list":"[]","_tribe_ticket_has_attendee_info_fields":false,"footnotes":"","_links_to":"","_links_to_target":""},"categories":[580,312,320,309],"tags":[],"class_list":["post-66843","post","type-post","status-publish","format-standard","has-post-thumbnail","hentry","category-ano-2024","category-destaque-pequeno-inferior","category-home","category-ultimas-noticias","entry","has-media"],"_links":{"self":[{"href":"https:\/\/crarn.org.br\/index.php?rest_route=\/wp\/v2\/posts\/66843","targetHints":{"allow":["GET"]}}],"collection":[{"href":"https:\/\/crarn.org.br\/index.php?rest_route=\/wp\/v2\/posts"}],"about":[{"href":"https:\/\/crarn.org.br\/index.php?rest_route=\/wp\/v2\/types\/post"}],"author":[{"embeddable":true,"href":"https:\/\/crarn.org.br\/index.php?rest_route=\/wp\/v2\/users\/26"}],"replies":[{"embeddable":true,"href":"https:\/\/crarn.org.br\/index.php?rest_route=%2Fwp%2Fv2%2Fcomments&post=66843"}],"version-history":[{"count":2,"href":"https:\/\/crarn.org.br\/index.php?rest_route=\/wp\/v2\/posts\/66843\/revisions"}],"predecessor-version":[{"id":66847,"href":"https:\/\/crarn.org.br\/index.php?rest_route=\/wp\/v2\/posts\/66843\/revisions\/66847"}],"wp:featuredmedia":[{"embeddable":true,"href":"https:\/\/crarn.org.br\/index.php?rest_route=\/wp\/v2\/media\/66844"}],"wp:attachment":[{"href":"https:\/\/crarn.org.br\/index.php?rest_route=%2Fwp%2Fv2%2Fmedia&parent=66843"}],"wp:term":[{"taxonomy":"category","embeddable":true,"href":"https:\/\/crarn.org.br\/index.php?rest_route=%2Fwp%2Fv2%2Fcategories&post=66843"},{"taxonomy":"post_tag","embeddable":true,"href":"https:\/\/crarn.org.br\/index.php?rest_route=%2Fwp%2Fv2%2Ftags&post=66843"}],"curies":[{"name":"wp","href":"https:\/\/api.w.org\/{rel}","templated":true}]}}