{"id":66839,"date":"2024-05-20T16:19:44","date_gmt":"2024-05-20T19:19:44","guid":{"rendered":"https:\/\/crarn.org.br\/?p=66839"},"modified":"2024-05-20T16:19:47","modified_gmt":"2024-05-20T19:19:47","slug":"fiscalizacao-do-cra-rn-chega-a-regiao-agreste","status":"publish","type":"post","link":"https:\/\/crarn.org.br\/?p=66839","title":{"rendered":"Fiscaliza\u00e7\u00e3o do CRA-RN chega \u00e0 regi\u00e3o Agreste"},"content":{"rendered":"\n<p>Ap\u00f3s as a\u00e7\u00f5es de orienta\u00e7\u00e3o, sensibiliza\u00e7\u00e3o e fiscaliza\u00e7\u00e3o na regi\u00e3o Leste Potiguar, o CRA-RN chega \u00e0 regi\u00e3o Agreste.<\/p>\n<p>Durante esta semana, a coordenadora de fiscaliza\u00e7\u00e3o, Adm. Tatiana Costa Pinto e o fiscal, Adm. F\u00e1bio Maia visitaram os munic\u00edpios de Bento Fernandes, Ielmo Marinho, Po\u00e7o Branco, Riachuelo e Santa Maria, onde se reuniram com representantes da gest\u00e3o municipal de cada cidade.<\/p>\n<p>Antes de iniciar as visitas, a equipe do CRA-RN, faz um trabalho de base, junto ao Portal da Transpar\u00eancia. \u00c9 analisada a realidade de cada munic\u00edpio, no que se refere ao quadro de cargos efetivos, viabilizando, assim, a oportunidade de prever vagas para bachar\u00e9is em Administra\u00e7\u00e3o, Pol\u00edticas P\u00fablicas e Gest\u00e3o P\u00fablicas, al\u00e9m dos tecn\u00f3logos nesta \u00faltima, com registro no Conselho.<\/p>\n<p>A fiscaliza\u00e7\u00e3o do regional tamb\u00e9m acompanha a composi\u00e7\u00e3o dos cargos comissionados, como meio de refor\u00e7ar a import\u00e2ncia da qualifica\u00e7\u00e3o t\u00e9cnica e da experi\u00eancia para elevar os \u00edndices de resultados da gest\u00e3o municipal.<\/p>\n<p>\u00a0<\/p>\n<button class=\"simplefavorite-button\" data-postid=\"66839\" data-siteid=\"1\" data-groupid=\"1\" data-favoritecount=\"0\" style=\"\">Favorite <i class=\"sf-icon-star-empty\"><\/i><\/button>","protected":false},"excerpt":{"rendered":"<p>Ap\u00f3s as a\u00e7\u00f5es de orienta\u00e7\u00e3o, sensibiliza\u00e7\u00e3o e fiscaliza\u00e7\u00e3o na regi\u00e3o Leste Potiguar, o CRA-RN chega \u00e0 regi\u00e3o Agreste. Durante esta semana, a coordenadora de fiscaliza\u00e7\u00e3o, Adm. Tatiana Costa Pinto e o fiscal, Adm. F\u00e1bio Maia visitaram os munic\u00edpios de Bento Fernandes, Ielmo Marinho, Po\u00e7o Branco, Riachuelo e Santa Maria, onde se reuniram com representantes da<a class=\"read-more\" href=\"https:\/\/crarn.org.br\/?p=66839\"> [&hellip;]<\/a><\/p>\n","protected":false},"author":26,"featured_media":66840,"comment_status":"closed","ping_status":"open","sticky":true,"template":"","format":"standard","meta":{"_price":"","_stock":"","_tribe_ticket_header":"","_tribe_default_ticket_provider":"","_tribe_ticket_capacity":"0","_ticket_start_date":"","_ticket_end_date":"","_tribe_ticket_show_description":"","_tribe_ticket_show_not_going":false,"_tribe_ticket_use_global_stock":"","_tribe_ticket_global_stock_level":"","_global_stock_mode":"","_global_stock_cap":"","_tribe_rsvp_for_event":"","_tribe_ticket_going_count":"","_tribe_ticket_not_going_count":"","_tribe_tickets_list":"[]","_tribe_ticket_has_attendee_info_fields":false,"footnotes":"","_links_to":"","_links_to_target":""},"categories":[580,310,320,399,309],"tags":[],"class_list":["post-66839","post","type-post","status-publish","format-standard","has-post-thumbnail","hentry","category-ano-2024","category-destaque-grande","category-home","category-institucional","category-ultimas-noticias","entry","has-media"],"_links":{"self":[{"href":"https:\/\/crarn.org.br\/index.php?rest_route=\/wp\/v2\/posts\/66839","targetHints":{"allow":["GET"]}}],"collection":[{"href":"https:\/\/crarn.org.br\/index.php?rest_route=\/wp\/v2\/posts"}],"about":[{"href":"https:\/\/crarn.org.br\/index.php?rest_route=\/wp\/v2\/types\/post"}],"author":[{"embeddable":true,"href":"https:\/\/crarn.org.br\/index.php?rest_route=\/wp\/v2\/users\/26"}],"replies":[{"embeddable":true,"href":"https:\/\/crarn.org.br\/index.php?rest_route=%2Fwp%2Fv2%2Fcomments&post=66839"}],"version-history":[{"count":1,"href":"https:\/\/crarn.org.br\/index.php?rest_route=\/wp\/v2\/posts\/66839\/revisions"}],"predecessor-version":[{"id":66841,"href":"https:\/\/crarn.org.br\/index.php?rest_route=\/wp\/v2\/posts\/66839\/revisions\/66841"}],"wp:featuredmedia":[{"embeddable":true,"href":"https:\/\/crarn.org.br\/index.php?rest_route=\/wp\/v2\/media\/66840"}],"wp:attachment":[{"href":"https:\/\/crarn.org.br\/index.php?rest_route=%2Fwp%2Fv2%2Fmedia&parent=66839"}],"wp:term":[{"taxonomy":"category","embeddable":true,"href":"https:\/\/crarn.org.br\/index.php?rest_route=%2Fwp%2Fv2%2Fcategories&post=66839"},{"taxonomy":"post_tag","embeddable":true,"href":"https:\/\/crarn.org.br\/index.php?rest_route=%2Fwp%2Fv2%2Ftags&post=66839"}],"curies":[{"name":"wp","href":"https:\/\/api.w.org\/{rel}","templated":true}]}}