{"id":66833,"date":"2024-05-15T16:51:49","date_gmt":"2024-05-15T19:51:49","guid":{"rendered":"https:\/\/crarn.org.br\/?p=66833"},"modified":"2024-05-15T16:53:38","modified_gmt":"2024-05-15T19:53:38","slug":"66833-2","status":"publish","type":"post","link":"https:\/\/crarn.org.br\/?p=66833","title":{"rendered":"Fiscaliza\u00e7\u00e3o do CRA-RN conclui a\u00e7\u00f5es na regi\u00e3o Leste Potiguar"},"content":{"rendered":"\n<p>A equipe de fiscaliza\u00e7\u00e3o do CRA-RN continua desenvolvendo a\u00e7\u00f5es de orienta\u00e7\u00e3o e fiscaliza\u00e7\u00e3o junto \u00e0s prefeituras dos munic\u00edpios das v\u00e1rias regi\u00f5es do RN.<\/p>\n<p>No in\u00edcio desta semana, a coordenadora de fiscaliza\u00e7\u00e3o, Adm. Tatiana Costa Pinto e o fiscal, Adm. F\u00e1bio Maia estiveram na cidade de Maxaranguape, concluindo assim, as visitas \u00e0 regi\u00e3o Leste Potiguar.<\/p>\n<p>Na cidade, participaram de reuni\u00e3o com o secret\u00e1rio de Administra\u00e7\u00e3o, Jos\u00e9 Valter de Oliveira Filho, juntamente com o secret\u00e1rio de Finan\u00e7as, Or\u00e7amento e Planejamento, Jaelson da Silva e o respons\u00e1vel pela \u00e1rea de contratos\/licita\u00e7\u00f5es, Jackson Matias.<\/p>\n<p>Durante a reuni\u00e3o, a equipe abordou os temas relacionados \u00e0 import\u00e2ncia da moderniza\u00e7\u00e3o administrativa, no tocante ao quadro de pessoal da Prefeitura e a inser\u00e7\u00e3o de previsibilidade legal para cargos efetivos em \u00e1rea da Administra\u00e7\u00e3o; fiscaliza\u00e7\u00e3o de contratos vigentes de presta\u00e7\u00e3o de servi\u00e7os \u00e0 administra\u00e7\u00e3o p\u00fablica e a orienta\u00e7\u00e3o sobre os termos da RN CFA 569\/2019, que disp\u00f5e sobre o supervisor de est\u00e1gio nos campos da Administra\u00e7\u00e3o.<\/p>\n<p>A reuni\u00e3o foi muito produtiva e os representantes da prefeitura estavam orgulhosos dos indicadores do munic\u00edpio no IGM-CFA. A previsibilidade legal para a inser\u00e7\u00e3o de profissionais de Administra\u00e7\u00e3o como servidores efetivos j\u00e1 \u00e9 uma realidade, o que faz com que a prefeitura de Maxaranguape passe a integrar o rol dos munic\u00edpios que modernizaram a sua estrutura de cargos efetivos, ao inserirem vagas para profissionais de Administra\u00e7\u00e3o.<\/p>\n<button class=\"simplefavorite-button\" data-postid=\"66833\" data-siteid=\"1\" data-groupid=\"1\" data-favoritecount=\"0\" style=\"\">Favorite <i class=\"sf-icon-star-empty\"><\/i><\/button>","protected":false},"excerpt":{"rendered":"<p>A equipe de fiscaliza\u00e7\u00e3o do CRA-RN continua desenvolvendo a\u00e7\u00f5es de orienta\u00e7\u00e3o e fiscaliza\u00e7\u00e3o junto \u00e0s prefeituras dos munic\u00edpios das v\u00e1rias regi\u00f5es do RN. No in\u00edcio desta semana, a coordenadora de fiscaliza\u00e7\u00e3o, Adm. Tatiana Costa Pinto e o fiscal, Adm. F\u00e1bio Maia estiveram na cidade de Maxaranguape, concluindo assim, as visitas \u00e0 regi\u00e3o Leste Potiguar. Na<a class=\"read-more\" href=\"https:\/\/crarn.org.br\/?p=66833\"> [&hellip;]<\/a><\/p>\n","protected":false},"author":26,"featured_media":66834,"comment_status":"closed","ping_status":"open","sticky":true,"template":"","format":"standard","meta":{"_price":"","_stock":"","_tribe_ticket_header":"","_tribe_default_ticket_provider":"","_tribe_ticket_capacity":"0","_ticket_start_date":"","_ticket_end_date":"","_tribe_ticket_show_description":"","_tribe_ticket_show_not_going":false,"_tribe_ticket_use_global_stock":"","_tribe_ticket_global_stock_level":"","_global_stock_mode":"","_global_stock_cap":"","_tribe_rsvp_for_event":"","_tribe_ticket_going_count":"","_tribe_ticket_not_going_count":"","_tribe_tickets_list":"[]","_tribe_ticket_has_attendee_info_fields":false,"footnotes":"","_links_to":"","_links_to_target":""},"categories":[580,310,320,309],"tags":[],"class_list":["post-66833","post","type-post","status-publish","format-standard","has-post-thumbnail","hentry","category-ano-2024","category-destaque-grande","category-home","category-ultimas-noticias","entry","has-media"],"_links":{"self":[{"href":"https:\/\/crarn.org.br\/index.php?rest_route=\/wp\/v2\/posts\/66833","targetHints":{"allow":["GET"]}}],"collection":[{"href":"https:\/\/crarn.org.br\/index.php?rest_route=\/wp\/v2\/posts"}],"about":[{"href":"https:\/\/crarn.org.br\/index.php?rest_route=\/wp\/v2\/types\/post"}],"author":[{"embeddable":true,"href":"https:\/\/crarn.org.br\/index.php?rest_route=\/wp\/v2\/users\/26"}],"replies":[{"embeddable":true,"href":"https:\/\/crarn.org.br\/index.php?rest_route=%2Fwp%2Fv2%2Fcomments&post=66833"}],"version-history":[{"count":2,"href":"https:\/\/crarn.org.br\/index.php?rest_route=\/wp\/v2\/posts\/66833\/revisions"}],"predecessor-version":[{"id":66836,"href":"https:\/\/crarn.org.br\/index.php?rest_route=\/wp\/v2\/posts\/66833\/revisions\/66836"}],"wp:featuredmedia":[{"embeddable":true,"href":"https:\/\/crarn.org.br\/index.php?rest_route=\/wp\/v2\/media\/66834"}],"wp:attachment":[{"href":"https:\/\/crarn.org.br\/index.php?rest_route=%2Fwp%2Fv2%2Fmedia&parent=66833"}],"wp:term":[{"taxonomy":"category","embeddable":true,"href":"https:\/\/crarn.org.br\/index.php?rest_route=%2Fwp%2Fv2%2Fcategories&post=66833"},{"taxonomy":"post_tag","embeddable":true,"href":"https:\/\/crarn.org.br\/index.php?rest_route=%2Fwp%2Fv2%2Ftags&post=66833"}],"curies":[{"name":"wp","href":"https:\/\/api.w.org\/{rel}","templated":true}]}}