{"id":66827,"date":"2024-05-14T13:12:14","date_gmt":"2024-05-14T16:12:14","guid":{"rendered":"https:\/\/crarn.org.br\/?p=66827"},"modified":"2024-05-14T13:12:16","modified_gmt":"2024-05-14T16:12:16","slug":"esta-aberto-prazo-para-registro-de-chapas-nas-eleicoes-cfa-cras","status":"publish","type":"post","link":"https:\/\/crarn.org.br\/?p=66827","title":{"rendered":"Est\u00e1 aberto prazo para registro de chapas nas Elei\u00e7\u00f5es CFA\/CRAs"},"content":{"rendered":"\n<p>Est\u00e1 aberto o per\u00edodo de registro de chapa para as Elei\u00e7\u00f5es do Sistema CFA\/CRAs 2024. O pedido de registro de chapas dever\u00e1 ser apresentado dentro do prazo estabelecido no calend\u00e1rio eleitoral.\u00a0Todos os profissionais de administra\u00e7\u00e3o podem se candidatar e, para fazer a inscri\u00e7\u00e3o alguns documentos s\u00e3o exigidos, como:<\/p>\n<ul>\n<li aria-level=\"1\">Requerimento do respons\u00e1vel pela chapa e a declara\u00e7\u00e3o de integrante da chapa \u2013 devidamente preenchido e assinado eletronicamente;<\/li>\n<li aria-level=\"1\">Identidade profissional;<\/li>\n<li aria-level=\"1\">Certid\u00e3o de regularidade para fins eleitorais com o n\u00famero e data do registro profissional, junto com o CPF e o endere\u00e7o domiciliar (contendo tamb\u00e9m os dados de penalidades \u00e9tico-disciplinares);<\/li>\n<\/ul>\n<p>Os candidatos t\u00eam entre os dias primeiro e<strong>\u00a024 de maio<\/strong>\u00a0para inscrever as chapas. O envio ser\u00e1 realizado pelo site:\u00a0<a href=\"http:\/\/www.votaadministrador.org.br\/\">www.votaadministrador.org.br<\/a>, por l\u00e1 tamb\u00e9m sair\u00e3o os resultados das inscri\u00e7\u00f5es.<\/p>\n<blockquote>\n<p><b>Elei\u00e7\u00f5es CFA\/CRAs<\/b><\/p>\n<\/blockquote>\n<p>O voto \u00e9 obrigat\u00f3rio e o profissional precisa estar com as anuidades quitadas ou estar regular junto ao parcelamento de d\u00e9bitos. De acordo com o edital de convoca\u00e7\u00e3o, a vota\u00e7\u00e3o ocorrer\u00e1 no dia 18 de setembro. S\u00f3 ser\u00e1 poss\u00edvel participar mediante senha individual fornecida pelo CFA aos Profissionais de Administra\u00e7\u00e3o adimplentes, integrantes do Col\u00e9gio Eleitoral constitu\u00eddo no dia 29\/07.<\/p>\n<p>Nesta elei\u00e7\u00e3o, um ter\u00e7o dos cargos de conselheiros federais e regionais referem-se a vagas obrigat\u00f3rias, com mandato de 4 anos, sendo vagas para preenchimento de mandato de Conselheiros Efetivos e seus respectivos suplentes.<\/p>\n<p>As chapas indicar\u00e3o os candidatos para renova\u00e7\u00e3o dos mandatos efetivos e os seus respectivos suplentes, sendo tr\u00eas efetivos e tr\u00eas suplentes. Com exce\u00e7\u00e3o dos regionais do Distrito Federal; Minas Gerais; Rio de Janeiro; e Rio Grande do Sul, em que ser\u00e3o quatro efetivos e quatro suplentes.<\/p>\n<blockquote>\n<p><b>Site<\/b><\/p>\n<\/blockquote>\n<p>Ser\u00e1 por meio do\u00a0<a href=\"https:\/\/votaadministrador.org.br\/#\/\" target=\"_blank\" rel=\"noopener\">votaadministrador.org.br<\/a>\u00a0que todo o processo eleitoral deste ano ser\u00e1 realizado. Por isso, \u00e9 importante acessar e ficar atento ao portal eleitoral.\u00a0O p\u00fablico tamb\u00e9m j\u00e1 tem acesso \u00e0 Cartilha Eleitoral 2024. O documento online traz todos os detalhes das elei\u00e7\u00f5es de uma forma f\u00e1cil, interativa e din\u00e2mica de entendimento. Na cartilha \u00e9 poss\u00edvel acompanhar todas as datas importantes e tamb\u00e9m saber todo o passo a passo para a realiza\u00e7\u00e3o do pleito.<\/p>\n<p><br \/>Assessoria de Comunica\u00e7\u00e3o CFA<\/p>\n<button class=\"simplefavorite-button\" data-postid=\"66827\" data-siteid=\"1\" data-groupid=\"1\" data-favoritecount=\"0\" style=\"\">Favorite <i class=\"sf-icon-star-empty\"><\/i><\/button>","protected":false},"excerpt":{"rendered":"<p>Est\u00e1 aberto o per\u00edodo de registro de chapa para as Elei\u00e7\u00f5es do Sistema CFA\/CRAs 2024. O pedido de registro de chapas dever\u00e1 ser apresentado dentro do prazo estabelecido no calend\u00e1rio eleitoral.\u00a0Todos os profissionais de administra\u00e7\u00e3o podem se candidatar e, para fazer a inscri\u00e7\u00e3o alguns documentos s\u00e3o exigidos, como: Requerimento do respons\u00e1vel pela chapa e a<a class=\"read-more\" href=\"https:\/\/crarn.org.br\/?p=66827\"> [&hellip;]<\/a><\/p>\n","protected":false},"author":26,"featured_media":66828,"comment_status":"closed","ping_status":"open","sticky":true,"template":"","format":"standard","meta":{"_price":"","_stock":"","_tribe_ticket_header":"","_tribe_default_ticket_provider":"","_tribe_ticket_capacity":"0","_ticket_start_date":"","_ticket_end_date":"","_tribe_ticket_show_description":"","_tribe_ticket_show_not_going":false,"_tribe_ticket_use_global_stock":"","_tribe_ticket_global_stock_level":"","_global_stock_mode":"","_global_stock_cap":"","_tribe_rsvp_for_event":"","_tribe_ticket_going_count":"","_tribe_ticket_not_going_count":"","_tribe_tickets_list":"[]","_tribe_ticket_has_attendee_info_fields":false,"footnotes":"","_links_to":"","_links_to_target":""},"categories":[580,310,320,399,309],"tags":[],"class_list":["post-66827","post","type-post","status-publish","format-standard","has-post-thumbnail","hentry","category-ano-2024","category-destaque-grande","category-home","category-institucional","category-ultimas-noticias","entry","has-media"],"_links":{"self":[{"href":"https:\/\/crarn.org.br\/index.php?rest_route=\/wp\/v2\/posts\/66827","targetHints":{"allow":["GET"]}}],"collection":[{"href":"https:\/\/crarn.org.br\/index.php?rest_route=\/wp\/v2\/posts"}],"about":[{"href":"https:\/\/crarn.org.br\/index.php?rest_route=\/wp\/v2\/types\/post"}],"author":[{"embeddable":true,"href":"https:\/\/crarn.org.br\/index.php?rest_route=\/wp\/v2\/users\/26"}],"replies":[{"embeddable":true,"href":"https:\/\/crarn.org.br\/index.php?rest_route=%2Fwp%2Fv2%2Fcomments&post=66827"}],"version-history":[{"count":1,"href":"https:\/\/crarn.org.br\/index.php?rest_route=\/wp\/v2\/posts\/66827\/revisions"}],"predecessor-version":[{"id":66829,"href":"https:\/\/crarn.org.br\/index.php?rest_route=\/wp\/v2\/posts\/66827\/revisions\/66829"}],"wp:featuredmedia":[{"embeddable":true,"href":"https:\/\/crarn.org.br\/index.php?rest_route=\/wp\/v2\/media\/66828"}],"wp:attachment":[{"href":"https:\/\/crarn.org.br\/index.php?rest_route=%2Fwp%2Fv2%2Fmedia&parent=66827"}],"wp:term":[{"taxonomy":"category","embeddable":true,"href":"https:\/\/crarn.org.br\/index.php?rest_route=%2Fwp%2Fv2%2Fcategories&post=66827"},{"taxonomy":"post_tag","embeddable":true,"href":"https:\/\/crarn.org.br\/index.php?rest_route=%2Fwp%2Fv2%2Ftags&post=66827"}],"curies":[{"name":"wp","href":"https:\/\/api.w.org\/{rel}","templated":true}]}}