{"id":66801,"date":"2024-05-08T16:21:45","date_gmt":"2024-05-08T19:21:45","guid":{"rendered":"https:\/\/crarn.org.br\/?p=66801"},"modified":"2024-05-08T16:21:48","modified_gmt":"2024-05-08T19:21:48","slug":"adm-na-pratica-tem-nova-data","status":"publish","type":"post","link":"https:\/\/crarn.org.br\/?p=66801","title":{"rendered":"ADM na Pr\u00e1tica tem nova data"},"content":{"rendered":"\n<p>A segunda edi\u00e7\u00e3o do ADM na Pr\u00e1tica, &#8220;Transforme dados em insights com BI&#8221;, ser\u00e1 realizada nos dias 27 e 28 de maio.<\/p>\n<p>O comando da oficina ficar\u00e1 a cargo do Administrador, graduado em Gest\u00e3o P\u00fablica, Mestre em Gest\u00e3o e Inova\u00e7\u00e3o em Sa\u00fade, MBA em Gest\u00e3o Estrat\u00e9gica de Pessoas e Especializa\u00e7\u00e3o em Lideran\u00e7a e Coaching, Daniel Fonseca, que atualmente, atua na Administra\u00e7\u00e3o P\u00fablica como Administrador na Empresa Brasileira de Servi\u00e7os Hospitalares (EBSERH), no Hospital Universit\u00e1rio Onofre Lopes.<\/p>\n<p>Fa\u00e7a logo a inscri\u00e7\u00e3o pelo link <a href=\"https:\/\/bit.ly\/3TXDcTU\" data-cke-saved-href=\"https:\/\/bit.ly\/3TXDcTU\">https:\/\/bit.ly\/3TXDcTU<\/a>\u00a0e garanta a sua vaga.<\/p>\n<p>\u00a0<\/p>\n<p>Confira os valores das inscri\u00e7\u00f5es:<\/p>\n<p>R$ 5,00 &#8211; Registrados do CRA-Jovem<\/p>\n<p>R$ 10,00 &#8211; Estudantes<\/p>\n<p>R$ 10,00 &#8211; Registrados Adimplentes<\/p>\n<p>R$ 50,00 &#8211; Demais Interessados<\/p>\n<p>\u00a0<\/p>\n<p>D\u00favidas ou mais informa\u00e7\u00f5es pelo e-mail formacao@crarn.com.br.<\/p>\n<p>\u00a0<\/p>\n<p>Data: 27 e 28 de maio<\/p>\n<p>Hor\u00e1rio: 18h30 \u00e0s 21h30<\/p>\n<p>Local: Audit\u00f3rio do CRA-RN<\/p>\n<button class=\"simplefavorite-button\" data-postid=\"66801\" data-siteid=\"1\" data-groupid=\"1\" data-favoritecount=\"0\" style=\"\">Favorite <i class=\"sf-icon-star-empty\"><\/i><\/button>","protected":false},"excerpt":{"rendered":"<p>A segunda edi\u00e7\u00e3o do ADM na Pr\u00e1tica, &#8220;Transforme dados em insights com BI&#8221;, ser\u00e1 realizada nos dias 27 e 28 de maio. O comando da oficina ficar\u00e1 a cargo do Administrador, graduado em Gest\u00e3o P\u00fablica, Mestre em Gest\u00e3o e Inova\u00e7\u00e3o em Sa\u00fade, MBA em Gest\u00e3o Estrat\u00e9gica de Pessoas e Especializa\u00e7\u00e3o em Lideran\u00e7a e Coaching, Daniel<a class=\"read-more\" href=\"https:\/\/crarn.org.br\/?p=66801\"> [&hellip;]<\/a><\/p>\n","protected":false},"author":26,"featured_media":66804,"comment_status":"closed","ping_status":"open","sticky":true,"template":"","format":"standard","meta":{"_price":"","_stock":"","_tribe_ticket_header":"","_tribe_default_ticket_provider":"","_tribe_ticket_capacity":"0","_ticket_start_date":"","_ticket_end_date":"","_tribe_ticket_show_description":"","_tribe_ticket_show_not_going":false,"_tribe_ticket_use_global_stock":"","_tribe_ticket_global_stock_level":"","_global_stock_mode":"","_global_stock_cap":"","_tribe_rsvp_for_event":"","_tribe_ticket_going_count":"","_tribe_ticket_not_going_count":"","_tribe_tickets_list":"[]","_tribe_ticket_has_attendee_info_fields":false,"footnotes":"","_links_to":"","_links_to_target":""},"categories":[580,310,320,399,309],"tags":[],"class_list":["post-66801","post","type-post","status-publish","format-standard","has-post-thumbnail","hentry","category-ano-2024","category-destaque-grande","category-home","category-institucional","category-ultimas-noticias","entry","has-media"],"_links":{"self":[{"href":"https:\/\/crarn.org.br\/index.php?rest_route=\/wp\/v2\/posts\/66801","targetHints":{"allow":["GET"]}}],"collection":[{"href":"https:\/\/crarn.org.br\/index.php?rest_route=\/wp\/v2\/posts"}],"about":[{"href":"https:\/\/crarn.org.br\/index.php?rest_route=\/wp\/v2\/types\/post"}],"author":[{"embeddable":true,"href":"https:\/\/crarn.org.br\/index.php?rest_route=\/wp\/v2\/users\/26"}],"replies":[{"embeddable":true,"href":"https:\/\/crarn.org.br\/index.php?rest_route=%2Fwp%2Fv2%2Fcomments&post=66801"}],"version-history":[{"count":1,"href":"https:\/\/crarn.org.br\/index.php?rest_route=\/wp\/v2\/posts\/66801\/revisions"}],"predecessor-version":[{"id":66803,"href":"https:\/\/crarn.org.br\/index.php?rest_route=\/wp\/v2\/posts\/66801\/revisions\/66803"}],"wp:featuredmedia":[{"embeddable":true,"href":"https:\/\/crarn.org.br\/index.php?rest_route=\/wp\/v2\/media\/66804"}],"wp:attachment":[{"href":"https:\/\/crarn.org.br\/index.php?rest_route=%2Fwp%2Fv2%2Fmedia&parent=66801"}],"wp:term":[{"taxonomy":"category","embeddable":true,"href":"https:\/\/crarn.org.br\/index.php?rest_route=%2Fwp%2Fv2%2Fcategories&post=66801"},{"taxonomy":"post_tag","embeddable":true,"href":"https:\/\/crarn.org.br\/index.php?rest_route=%2Fwp%2Fv2%2Ftags&post=66801"}],"curies":[{"name":"wp","href":"https:\/\/api.w.org\/{rel}","templated":true}]}}