{"id":66792,"date":"2024-05-06T15:27:32","date_gmt":"2024-05-06T18:27:32","guid":{"rendered":"https:\/\/crarn.org.br\/?p=66792"},"modified":"2024-05-06T15:27:35","modified_gmt":"2024-05-06T18:27:35","slug":"festquali-day-natal-oferece-desconto-para-registrados-no-cra-rn","status":"publish","type":"post","link":"https:\/\/crarn.org.br\/?p=66792","title":{"rendered":"FestQuali Day Natal oferece desconto para registrados no CRA-RN"},"content":{"rendered":"\n<p>O CRA-RN fechou parceria com a organiza\u00e7\u00e3o do FestQuali Day Natal que oferece um b\u00f4nus de 20% para os primeiros 20 registrados adimplentes que se inscreverem para participar do evento, que tem como tema \u201c\u201cO poder invis\u00edvel dos servi\u00e7os potencializando neg\u00f3cios\u201d.<\/p>\n<p>O acordo foi firmado entre o presidente do CRA-RN, Adm. Fl\u00e1vio Em\u00edlio Cavalcanti e os curadores do evento em Natal, o Prof. Kleber N\u00f3brega e S\u00f4nia Regina de Mac\u00eado Ribeiro.<\/p>\n<p>O FestQuali \u00e9, atualmente, o maior Movimento em prol da Qualidade no Brasil, criado como modelo de evento sustent\u00e1vel, voltado para disseminar os Valores e a Cultura da Qualidade.<\/p>\n<p>Instru\u00e7\u00f5es para se inscrever no FestQuali Day Natal:<\/p>\n<p>&#8211; Acessar o site: <a href=\"https:\/\/festquali.com.br\/evento\/festquali-day-natal\/\">https:\/\/festquali.com.br\/evento\/festquali-day-natal\/<\/a><\/p>\n<p>&#8211; Ao entrar no site, em \u201cInscreva-se j\u00e1!\u201d, informe o cupom em \u201cC\u00f3digo (FDNatalCRA20Off ) e clique em \u201cAplicar\u201d.<\/p>\n<p>&#8211; O valor ser\u00e1 zerado, a\u00ed, clique em \u201cFinalizar compra\u201d e siga com a inscri\u00e7\u00e3o.<\/p>\n<p>\u00a0<\/p>\n<p>D\u00favidas e informa\u00e7\u00f5es pelo (84) 99481-6334<\/p>\n<p>\u00a0<\/p>\n<p>Data: 29 de maio<\/p>\n<p>Hor\u00e1rio: 8h \u00e0s 18h<\/p>\n<p>Local: UNI RN<\/p>\n<p>\u00a0<\/p>\n<p>\u00a0<\/p>\n<p>\u00a0<\/p>\n<p>\u00a0<\/p>\n<p>\u00a0<\/p>\n<p>\u00a0<\/p>\n<button class=\"simplefavorite-button\" data-postid=\"66792\" data-siteid=\"1\" data-groupid=\"1\" data-favoritecount=\"0\" style=\"\">Favorite <i class=\"sf-icon-star-empty\"><\/i><\/button>","protected":false},"excerpt":{"rendered":"<p>O CRA-RN fechou parceria com a organiza\u00e7\u00e3o do FestQuali Day Natal que oferece um b\u00f4nus de 20% para os primeiros 20 registrados adimplentes que se inscreverem para participar do evento, que tem como tema \u201c\u201cO poder invis\u00edvel dos servi\u00e7os potencializando neg\u00f3cios\u201d. O acordo foi firmado entre o presidente do CRA-RN, Adm. Fl\u00e1vio Em\u00edlio Cavalcanti e<a class=\"read-more\" href=\"https:\/\/crarn.org.br\/?p=66792\"> [&hellip;]<\/a><\/p>\n","protected":false},"author":26,"featured_media":66795,"comment_status":"closed","ping_status":"open","sticky":true,"template":"","format":"standard","meta":{"_price":"","_stock":"","_tribe_ticket_header":"","_tribe_default_ticket_provider":"","_tribe_ticket_capacity":"0","_ticket_start_date":"","_ticket_end_date":"","_tribe_ticket_show_description":"","_tribe_ticket_show_not_going":false,"_tribe_ticket_use_global_stock":"","_tribe_ticket_global_stock_level":"","_global_stock_mode":"","_global_stock_cap":"","_tribe_rsvp_for_event":"","_tribe_ticket_going_count":"","_tribe_ticket_not_going_count":"","_tribe_tickets_list":"[]","_tribe_ticket_has_attendee_info_fields":false,"footnotes":"","_links_to":"","_links_to_target":""},"categories":[580,310,399,309],"tags":[],"class_list":["post-66792","post","type-post","status-publish","format-standard","has-post-thumbnail","hentry","category-ano-2024","category-destaque-grande","category-institucional","category-ultimas-noticias","entry","has-media"],"_links":{"self":[{"href":"https:\/\/crarn.org.br\/index.php?rest_route=\/wp\/v2\/posts\/66792","targetHints":{"allow":["GET"]}}],"collection":[{"href":"https:\/\/crarn.org.br\/index.php?rest_route=\/wp\/v2\/posts"}],"about":[{"href":"https:\/\/crarn.org.br\/index.php?rest_route=\/wp\/v2\/types\/post"}],"author":[{"embeddable":true,"href":"https:\/\/crarn.org.br\/index.php?rest_route=\/wp\/v2\/users\/26"}],"replies":[{"embeddable":true,"href":"https:\/\/crarn.org.br\/index.php?rest_route=%2Fwp%2Fv2%2Fcomments&post=66792"}],"version-history":[{"count":1,"href":"https:\/\/crarn.org.br\/index.php?rest_route=\/wp\/v2\/posts\/66792\/revisions"}],"predecessor-version":[{"id":66794,"href":"https:\/\/crarn.org.br\/index.php?rest_route=\/wp\/v2\/posts\/66792\/revisions\/66794"}],"wp:featuredmedia":[{"embeddable":true,"href":"https:\/\/crarn.org.br\/index.php?rest_route=\/wp\/v2\/media\/66795"}],"wp:attachment":[{"href":"https:\/\/crarn.org.br\/index.php?rest_route=%2Fwp%2Fv2%2Fmedia&parent=66792"}],"wp:term":[{"taxonomy":"category","embeddable":true,"href":"https:\/\/crarn.org.br\/index.php?rest_route=%2Fwp%2Fv2%2Fcategories&post=66792"},{"taxonomy":"post_tag","embeddable":true,"href":"https:\/\/crarn.org.br\/index.php?rest_route=%2Fwp%2Fv2%2Ftags&post=66792"}],"curies":[{"name":"wp","href":"https:\/\/api.w.org\/{rel}","templated":true}]}}