{"id":66787,"date":"2024-04-30T15:06:55","date_gmt":"2024-04-30T18:06:55","guid":{"rendered":"https:\/\/crarn.org.br\/?p=66787"},"modified":"2024-05-08T16:22:29","modified_gmt":"2024-05-08T19:22:29","slug":"diretoria-do-cra-rn-visita-superintendente-do-sebrae-rn","status":"publish","type":"post","link":"https:\/\/crarn.org.br\/?p=66787","title":{"rendered":"Diretoria do CRA-RN visita Superintendente do Sebrae-RN"},"content":{"rendered":"\n<p>Na manh\u00e3 desta ter\u00e7a-feira (30\/04) o presidente do CRA-RN, Adm. Fl\u00e1vio Em\u00edlio Cavalcanti, esteve na sede do Sebra-RN, acompanhado pelo vice-presidente Cl\u00e1udio Menezes; diretora Administrativa Financeira, Adm. C\u00e9lia Ribeiro; diretora de Fiscaliza\u00e7\u00e3o e Registro, Adm. Kate Maciel; conselheiro federal, Adm. J\u00falio Rezende e ex-presidente e a coordenadora da Comiss\u00e3o ADM Mulher, \u00a0Adm. Ione Mac\u00eado.<\/p>\n<p>Em reuni\u00e3o com o superintendente do Sebrae-RN, Zeca Melo e com o assessor, Edwin Aldrin, os representantes do regional, conversaram sobre as duas institui\u00e7\u00f5es, apresentaram o IGM-CFA e sua funcionalidade etc.<\/p>\n<p>Tamb\u00e9m ficaram acertadas parcerias e a\u00e7\u00f5es conjuntas que ser\u00e3o definidas com a cria\u00e7\u00e3o de um grupo de trabalho reunindo representantes do Sebrae, do Regional e outras institui\u00e7\u00f5es como FEMURN e TCE.<br \/><br \/>Para o presidente Fl\u00e1vio Em\u00edlio, a reuni\u00e3o teve um saldo muito positivo. \u201cCom este encontro, foi dada a largada em uma importante parceria entre o CRA-RN e o Sebrae, que vai trazer a\u00e7\u00f5es de relev\u00e2ncia para os registrados e para a p\u00fablico atendido pelo Sebrae\u201d, destacou.<\/p>\n<p>Ao final da reuni\u00e3o, o presidente do CRA-RN recebeu, das m\u00e3os de Zeca Melo, o livro comemorativo \u201cSebrae-RN \u2013 H\u00e1 50 anos inovando o empreendedorismo potiguar\u201d.<\/p>\n<button class=\"simplefavorite-button\" data-postid=\"66787\" data-siteid=\"1\" data-groupid=\"1\" data-favoritecount=\"0\" style=\"\">Favorite <i class=\"sf-icon-star-empty\"><\/i><\/button>","protected":false},"excerpt":{"rendered":"<p>Na manh\u00e3 desta ter\u00e7a-feira (30\/04) o presidente do CRA-RN, Adm. Fl\u00e1vio Em\u00edlio Cavalcanti, esteve na sede do Sebra-RN, acompanhado pelo vice-presidente Cl\u00e1udio Menezes; diretora Administrativa Financeira, Adm. C\u00e9lia Ribeiro; diretora de Fiscaliza\u00e7\u00e3o e Registro, Adm. Kate Maciel; conselheiro federal, Adm. J\u00falio Rezende e ex-presidente e a coordenadora da Comiss\u00e3o ADM Mulher, \u00a0Adm. Ione Mac\u00eado. Em<a class=\"read-more\" href=\"https:\/\/crarn.org.br\/?p=66787\"> [&hellip;]<\/a><\/p>\n","protected":false},"author":26,"featured_media":66788,"comment_status":"closed","ping_status":"open","sticky":true,"template":"","format":"standard","meta":{"_price":"","_stock":"","_tribe_ticket_header":"","_tribe_default_ticket_provider":"","_tribe_ticket_capacity":"0","_ticket_start_date":"","_ticket_end_date":"","_tribe_ticket_show_description":"","_tribe_ticket_show_not_going":false,"_tribe_ticket_use_global_stock":"","_tribe_ticket_global_stock_level":"","_global_stock_mode":"","_global_stock_cap":"","_tribe_rsvp_for_event":"","_tribe_ticket_going_count":"","_tribe_ticket_not_going_count":"","_tribe_tickets_list":"[]","_tribe_ticket_has_attendee_info_fields":false,"footnotes":"","_links_to":"","_links_to_target":""},"categories":[580,312,320,399,309],"tags":[],"class_list":["post-66787","post","type-post","status-publish","format-standard","has-post-thumbnail","hentry","category-ano-2024","category-destaque-pequeno-inferior","category-home","category-institucional","category-ultimas-noticias","entry","has-media"],"_links":{"self":[{"href":"https:\/\/crarn.org.br\/index.php?rest_route=\/wp\/v2\/posts\/66787","targetHints":{"allow":["GET"]}}],"collection":[{"href":"https:\/\/crarn.org.br\/index.php?rest_route=\/wp\/v2\/posts"}],"about":[{"href":"https:\/\/crarn.org.br\/index.php?rest_route=\/wp\/v2\/types\/post"}],"author":[{"embeddable":true,"href":"https:\/\/crarn.org.br\/index.php?rest_route=\/wp\/v2\/users\/26"}],"replies":[{"embeddable":true,"href":"https:\/\/crarn.org.br\/index.php?rest_route=%2Fwp%2Fv2%2Fcomments&post=66787"}],"version-history":[{"count":2,"href":"https:\/\/crarn.org.br\/index.php?rest_route=\/wp\/v2\/posts\/66787\/revisions"}],"predecessor-version":[{"id":66790,"href":"https:\/\/crarn.org.br\/index.php?rest_route=\/wp\/v2\/posts\/66787\/revisions\/66790"}],"wp:featuredmedia":[{"embeddable":true,"href":"https:\/\/crarn.org.br\/index.php?rest_route=\/wp\/v2\/media\/66788"}],"wp:attachment":[{"href":"https:\/\/crarn.org.br\/index.php?rest_route=%2Fwp%2Fv2%2Fmedia&parent=66787"}],"wp:term":[{"taxonomy":"category","embeddable":true,"href":"https:\/\/crarn.org.br\/index.php?rest_route=%2Fwp%2Fv2%2Fcategories&post=66787"},{"taxonomy":"post_tag","embeddable":true,"href":"https:\/\/crarn.org.br\/index.php?rest_route=%2Fwp%2Fv2%2Ftags&post=66787"}],"curies":[{"name":"wp","href":"https:\/\/api.w.org\/{rel}","templated":true}]}}