{"id":66758,"date":"2024-04-23T14:01:54","date_gmt":"2024-04-23T17:01:54","guid":{"rendered":"https:\/\/crarn.org.br\/?p=66758"},"modified":"2024-04-23T14:01:57","modified_gmt":"2024-04-23T17:01:57","slug":"cfa-lanca-edital-de-convocacao-das-eleicoes-2024-do-sistema-cfa-cras","status":"publish","type":"post","link":"https:\/\/crarn.org.br\/?p=66758","title":{"rendered":"CFA lan\u00e7a Edital de Convoca\u00e7\u00e3o das Elei\u00e7\u00f5es 2024 do Sistema CFA\/CRAs"},"content":{"rendered":"\n<p>O Conselho Federal de Administra\u00e7\u00e3o (CFA) j\u00e1 liberou o\u00a0<a href=\"https:\/\/cfa.org.br\/wp-content\/uploads\/2024\/04\/Calendario_Eleitoral_2024.pdf\">calend\u00e1rio<\/a>\u00a0das elei\u00e7\u00f5es e o\u00a0<a href=\"https:\/\/cfa.org.br\/wp-content\/uploads\/2024\/04\/Edital-de-convocacao-2024.pdf\">edital de convoca\u00e7\u00e3o<\/a>. A inscri\u00e7\u00e3o das chapas iniciar\u00e3o no primeiro dia de maio e ir\u00e3o at\u00e9 dia 24 do mesmo m\u00eas, totalizando 24 dias para o registro de candidaturas. O envio ser\u00e1 realizado pelo site:\u00a0<a href=\"http:\/\/www.votaadministrador.org.br\/\">www.votaadministrador.org.br<\/a>, por l\u00e1 tamb\u00e9m sair\u00e3o os resultados das inscri\u00e7\u00f5es.<\/p>\n<p>Nesta elei\u00e7\u00e3o, 1\/3 dos cargos de conselheiros federais e regionais referem-se a vagas obrigat\u00f3rias, com mandato de 4 anos (2025 a 2028), sendo vagas para preenchimento de mandato de Conselheiros Efetivos e seus respectivos suplentes.<\/p>\n<p>As chapas indicar\u00e3o os candidatos para renova\u00e7\u00e3o dos mandatos efetivos e os seus respectivos suplentes, sendo tr\u00eas efetivos e tr\u00eas suplentes. Com exce\u00e7\u00e3o dos regionais do Distrito Federal; Minas Gerais; Rio de Janeiro; e Rio Grande do Sul, em que ser\u00e3o quatro efetivos e quatro suplentes.\u00a0<\/p>\n<p>As vagas especiais, somente para candidatos a Conselheiro Regional Suplente, s\u00e3o de dois anos, com mandato de 2025 a 2026, para complementa\u00e7\u00e3o de 2\/3 do Plen\u00e1rio.<\/p>\n<p>De 27 a 31 de maio, as\u00a0<b>Comiss\u00f5es Permanentes Eleitorais<\/b>\u00a0(CPEs) dos CRAs far\u00e3o a an\u00e1lise de elegibilidade dos candidatos. A data prevista para a divulga\u00e7\u00e3o da lista dos eleitores que compor\u00e3o o col\u00e9gio eleitoral \u00e9 29 de julho.<\/p>\n<p>A vota\u00e7\u00e3o ser\u00e1 realizada no dia 18 de setembro, os resultados ser\u00e3o divulgados no mesmo dia e os eleitos ser\u00e3o empossados no per\u00edodo de 1\u00ba a 15 de janeiro de 2025.<\/p>\n<p>Todos os profissionais de administra\u00e7\u00e3o podem se candidatar e, para fazer a inscri\u00e7\u00e3o alguns documentos s\u00e3o exigidos, como:<\/p>\n<ul>\n<li aria-level=\"1\">Requerimento do respons\u00e1vel pela chapa e a declara\u00e7\u00e3o de integrante da chapa \u2013 devidamente preenchido e assinado\u00a0<b>eletronicamente<\/b>;<\/li>\n<li aria-level=\"1\">Identidade profissional;<\/li>\n<li aria-level=\"1\">Certid\u00e3o de regularidade com o n\u00famero e data do registro profissional, junto com o CPF e o endere\u00e7o domiciliar (contendo tamb\u00e9m os dados de penalidades \u00e9tico-disciplinares);<\/li>\n<li aria-level=\"1\">Certid\u00f5es emitidas pelo Tribunal de Contas da Uni\u00e3o (TCU) e pelo Conselho Nacional de Justi\u00e7a (CNJ) \u2013 certid\u00e3o negativa de contas julgadas irregulares, e o Cadastro Nacional de Condena\u00e7\u00f5es C\u00edveis por Ato de Improbidade Administrativa e Inelegibilidade.<\/li>\n<\/ul>\n<p>A elei\u00e7\u00e3o ser\u00e1 realizada pela internet, por meio de um sistema eletr\u00f4nico, acess\u00edvel por uma senha individual, gerada e enviada aos profissionais de administra\u00e7\u00e3o registrados e adimplentes.<\/p>\n<p>Vale lembrar que o voto \u00e9 obrigat\u00f3rio. Venha exercer seu dever democr\u00e1tico!<\/p>\n<p>Ana Clara de Lima<br \/>Estagi\u00e1ria de jornalismo, sob supervis\u00e3o.<br \/><br \/>Assessoria de Comunica\u00e7\u00e3o CFA<\/p>\n<button class=\"simplefavorite-button\" data-postid=\"66758\" data-siteid=\"1\" data-groupid=\"1\" data-favoritecount=\"0\" style=\"\">Favorite <i class=\"sf-icon-star-empty\"><\/i><\/button>","protected":false},"excerpt":{"rendered":"<p>O Conselho Federal de Administra\u00e7\u00e3o (CFA) j\u00e1 liberou o\u00a0calend\u00e1rio\u00a0das elei\u00e7\u00f5es e o\u00a0edital de convoca\u00e7\u00e3o. A inscri\u00e7\u00e3o das chapas iniciar\u00e3o no primeiro dia de maio e ir\u00e3o at\u00e9 dia 24 do mesmo m\u00eas, totalizando 24 dias para o registro de candidaturas. O envio ser\u00e1 realizado pelo site:\u00a0www.votaadministrador.org.br, por l\u00e1 tamb\u00e9m sair\u00e3o os resultados das inscri\u00e7\u00f5es. Nesta<a class=\"read-more\" href=\"https:\/\/crarn.org.br\/?p=66758\"> [&hellip;]<\/a><\/p>\n","protected":false},"author":26,"featured_media":66759,"comment_status":"closed","ping_status":"open","sticky":true,"template":"","format":"standard","meta":{"_price":"","_stock":"","_tribe_ticket_header":"","_tribe_default_ticket_provider":"","_tribe_ticket_capacity":"0","_ticket_start_date":"","_ticket_end_date":"","_tribe_ticket_show_description":"","_tribe_ticket_show_not_going":false,"_tribe_ticket_use_global_stock":"","_tribe_ticket_global_stock_level":"","_global_stock_mode":"","_global_stock_cap":"","_tribe_rsvp_for_event":"","_tribe_ticket_going_count":"","_tribe_ticket_not_going_count":"","_tribe_tickets_list":"[]","_tribe_ticket_has_attendee_info_fields":false,"footnotes":"","_links_to":"","_links_to_target":""},"categories":[580,426,310,400,320,399,309],"tags":[],"class_list":["post-66758","post","type-post","status-publish","format-standard","has-post-thumbnail","hentry","category-ano-2024","category-cfa","category-destaque-grande","category-eleicoes-do-sistema-cfa-cras","category-home","category-institucional","category-ultimas-noticias","entry","has-media"],"_links":{"self":[{"href":"https:\/\/crarn.org.br\/index.php?rest_route=\/wp\/v2\/posts\/66758","targetHints":{"allow":["GET"]}}],"collection":[{"href":"https:\/\/crarn.org.br\/index.php?rest_route=\/wp\/v2\/posts"}],"about":[{"href":"https:\/\/crarn.org.br\/index.php?rest_route=\/wp\/v2\/types\/post"}],"author":[{"embeddable":true,"href":"https:\/\/crarn.org.br\/index.php?rest_route=\/wp\/v2\/users\/26"}],"replies":[{"embeddable":true,"href":"https:\/\/crarn.org.br\/index.php?rest_route=%2Fwp%2Fv2%2Fcomments&post=66758"}],"version-history":[{"count":2,"href":"https:\/\/crarn.org.br\/index.php?rest_route=\/wp\/v2\/posts\/66758\/revisions"}],"predecessor-version":[{"id":66761,"href":"https:\/\/crarn.org.br\/index.php?rest_route=\/wp\/v2\/posts\/66758\/revisions\/66761"}],"wp:featuredmedia":[{"embeddable":true,"href":"https:\/\/crarn.org.br\/index.php?rest_route=\/wp\/v2\/media\/66759"}],"wp:attachment":[{"href":"https:\/\/crarn.org.br\/index.php?rest_route=%2Fwp%2Fv2%2Fmedia&parent=66758"}],"wp:term":[{"taxonomy":"category","embeddable":true,"href":"https:\/\/crarn.org.br\/index.php?rest_route=%2Fwp%2Fv2%2Fcategories&post=66758"},{"taxonomy":"post_tag","embeddable":true,"href":"https:\/\/crarn.org.br\/index.php?rest_route=%2Fwp%2Fv2%2Ftags&post=66758"}],"curies":[{"name":"wp","href":"https:\/\/api.w.org\/{rel}","templated":true}]}}