{"id":66743,"date":"2024-04-18T12:50:19","date_gmt":"2024-04-18T15:50:19","guid":{"rendered":"https:\/\/crarn.org.br\/?p=66743"},"modified":"2024-04-18T12:50:21","modified_gmt":"2024-04-18T15:50:21","slug":"cra-rn-reune-conselheiros-4","status":"publish","type":"post","link":"https:\/\/crarn.org.br\/?p=66743","title":{"rendered":"CRA-RN re\u00fane conselheiros"},"content":{"rendered":"\n<p>Na manh\u00e3 desta quarta-feira (17\/04), o CRA-RN realizou a sess\u00e3o plen\u00e1ria de abril, quando reuniu os conselheiros para definir as a\u00e7\u00f5es e deliberar sobre os assuntos administrativos.<\/p>\n<p>Ao abrir a reuni\u00e3o o presidente, Adm. Fl\u00e1vio Em\u00edlio Cavalcanti, falou sobre bolsas de p\u00f3s-gradua\u00e7\u00e3o, conclus\u00e3o do espa\u00e7o Adm. Acimir Miranda, c\u00e2meras de vigil\u00e2ncia e a 1\u00aa Olimp\u00edada de Administra\u00e7\u00e3o, promovida pelo CRA-RJ, com o apoio do CRA-RN.<\/p>\n<p>Entre os principais assuntos discutidos, estavam o PRODER 2024; conv\u00eanio SERASA; calend\u00e1rio de visitas da fiscaliza\u00e7\u00e3o ao interior do estado; Prospecta Licita; ENAJUR; Projeto ADM na pr\u00e1tica al\u00e9m de informativos financeiros e administrativos.<\/p>\n<p>Tamb\u00e9m participaram da plen\u00e1ria, o vice-presidente, Adm. Cl\u00e1udio Henrique Bessa; a diretora de Fiscaliza\u00e7\u00e3o e Registro, Adm. Kate Maciel; a diretora Administrativa e Financeira, Adm. C\u00e9lia Ribeiro; a diretora de Forma\u00e7\u00e3o Profissional, Adm. Val\u00e9ria Ara\u00fajo; a conselheira Adm. Alice Dantas; os conselheiros, Adm. Alysson Ara\u00fajo; Adm. Di\u00eago Dantas e Adm. Rodrigo Fortunato e o conselheiro suplente, Adm. Leonardo Costa.<\/p>\n<button class=\"simplefavorite-button\" data-postid=\"66743\" data-siteid=\"1\" data-groupid=\"1\" data-favoritecount=\"0\" style=\"\">Favorite <i class=\"sf-icon-star-empty\"><\/i><\/button>","protected":false},"excerpt":{"rendered":"<p>Na manh\u00e3 desta quarta-feira (17\/04), o CRA-RN realizou a sess\u00e3o plen\u00e1ria de abril, quando reuniu os conselheiros para definir as a\u00e7\u00f5es e deliberar sobre os assuntos administrativos. Ao abrir a reuni\u00e3o o presidente, Adm. Fl\u00e1vio Em\u00edlio Cavalcanti, falou sobre bolsas de p\u00f3s-gradua\u00e7\u00e3o, conclus\u00e3o do espa\u00e7o Adm. Acimir Miranda, c\u00e2meras de vigil\u00e2ncia e a 1\u00aa Olimp\u00edada<a class=\"read-more\" href=\"https:\/\/crarn.org.br\/?p=66743\"> [&hellip;]<\/a><\/p>\n","protected":false},"author":26,"featured_media":66744,"comment_status":"closed","ping_status":"open","sticky":true,"template":"","format":"standard","meta":{"_price":"","_stock":"","_tribe_ticket_header":"","_tribe_default_ticket_provider":"","_tribe_ticket_capacity":"0","_ticket_start_date":"","_ticket_end_date":"","_tribe_ticket_show_description":"","_tribe_ticket_show_not_going":false,"_tribe_ticket_use_global_stock":"","_tribe_ticket_global_stock_level":"","_global_stock_mode":"","_global_stock_cap":"","_tribe_rsvp_for_event":"","_tribe_ticket_going_count":"","_tribe_ticket_not_going_count":"","_tribe_tickets_list":"[]","_tribe_ticket_has_attendee_info_fields":false,"footnotes":"","_links_to":"","_links_to_target":""},"categories":[580,310,320,399,309],"tags":[],"class_list":["post-66743","post","type-post","status-publish","format-standard","has-post-thumbnail","hentry","category-ano-2024","category-destaque-grande","category-home","category-institucional","category-ultimas-noticias","entry","has-media"],"_links":{"self":[{"href":"https:\/\/crarn.org.br\/index.php?rest_route=\/wp\/v2\/posts\/66743","targetHints":{"allow":["GET"]}}],"collection":[{"href":"https:\/\/crarn.org.br\/index.php?rest_route=\/wp\/v2\/posts"}],"about":[{"href":"https:\/\/crarn.org.br\/index.php?rest_route=\/wp\/v2\/types\/post"}],"author":[{"embeddable":true,"href":"https:\/\/crarn.org.br\/index.php?rest_route=\/wp\/v2\/users\/26"}],"replies":[{"embeddable":true,"href":"https:\/\/crarn.org.br\/index.php?rest_route=%2Fwp%2Fv2%2Fcomments&post=66743"}],"version-history":[{"count":1,"href":"https:\/\/crarn.org.br\/index.php?rest_route=\/wp\/v2\/posts\/66743\/revisions"}],"predecessor-version":[{"id":66745,"href":"https:\/\/crarn.org.br\/index.php?rest_route=\/wp\/v2\/posts\/66743\/revisions\/66745"}],"wp:featuredmedia":[{"embeddable":true,"href":"https:\/\/crarn.org.br\/index.php?rest_route=\/wp\/v2\/media\/66744"}],"wp:attachment":[{"href":"https:\/\/crarn.org.br\/index.php?rest_route=%2Fwp%2Fv2%2Fmedia&parent=66743"}],"wp:term":[{"taxonomy":"category","embeddable":true,"href":"https:\/\/crarn.org.br\/index.php?rest_route=%2Fwp%2Fv2%2Fcategories&post=66743"},{"taxonomy":"post_tag","embeddable":true,"href":"https:\/\/crarn.org.br\/index.php?rest_route=%2Fwp%2Fv2%2Ftags&post=66743"}],"curies":[{"name":"wp","href":"https:\/\/api.w.org\/{rel}","templated":true}]}}