{"id":66738,"date":"2024-04-11T16:26:00","date_gmt":"2024-04-11T19:26:00","guid":{"rendered":"https:\/\/crarn.org.br\/?p=66738"},"modified":"2024-04-11T16:26:02","modified_gmt":"2024-04-11T19:26:02","slug":"servidores-do-cra-rn-participam-do-enafic","status":"publish","type":"post","link":"https:\/\/crarn.org.br\/?p=66738","title":{"rendered":"Servidores do CRA-RN participam do ENAFIC"},"content":{"rendered":"\n<p>O Conselho Federal de Administra\u00e7\u00e3o est\u00e1 realizando uma s\u00e9rie de eventos internos para unificar as a\u00e7\u00f5es do Sistema CFA\/CRAs durante o ano de 2024.<\/p>\n<p>Esta semana, de 09 a 12\/04, est\u00e1 sendo realizado o Encontro Nacional dos respons\u00e1veis pelas \u00e1reas Administrativa, Financeira e Cont\u00e1bil e do Encontro Nacional de Tecnologia da Informa\u00e7\u00e3o e Comunica\u00e7\u00e3o (ENAFIC \/ ENATIC), com a participa\u00e7\u00e3o da gerente executiva do CRA-RN, Adm. Silvana Avelar, do contador Tallyson\u00a0 Rodrigues e da administradora, Lidiane Pessoa.<\/p>\n<p>Durante os dois primeiros dias foram apresentadas palestras e discuss\u00f5es sobre o e-social, auditoria, Governan\u00e7a, integridade e Compliance, compras p\u00fablicas, gest\u00e3o documental, centro de custos e sobre o SEI etc.<\/p>\n<p>A palestra de abertura \u201cAl\u00e9m dos n\u00fameros\u201d, apresentada por Eduardo Rodrigues, da Lifemarking Consultoria em Lideran\u00e7a e Comportamento Organizacional, abordou, entre outras coisas, a import\u00e2ncia da troca de ideias, atua\u00e7\u00e3o frente ao cora\u00e7\u00e3o das pessoas\/comportamento humano para o bom andamento dos processos e projetos, foco nos pontos fortes das pessoas, constru\u00e7\u00e3o de pontes em vez de muros, gest\u00e3o de conflitos, ecossistema de crescimento, uni\u00e3o e colabora\u00e7\u00e3o.<\/p>\n<p>O p\u00fablico presente tamb\u00e9m teve oportunidade de ouvir uma palestra do Ministro do TCU, Augusto Nardes<\/p>\n<p>Outros temas relevantes vistos pelos participantes, foram a \u00a0\u201cImport\u00e2ncia do Planejamento das Aquisi\u00e7\u00f5es P\u00fablicas\u201d; diretrizes para a elabora\u00e7\u00e3o do PCA &#8211; Plano Anual de Contrata\u00e7\u00f5es trazido mais enfaticamente pela Lei 14.133\/2021 &#8211; Nova Lei de Licita\u00e7\u00f5es e Contratos; \u201cImport\u00e2ncia da Governan\u00e7a, Integridade e Transpar\u00eancia\u201d; \u201cGest\u00e3o documental e import\u00e2ncia do SEI para a padroniza\u00e7\u00e3o dos processos\u201d; al\u00e9m de informa\u00e7\u00f5es sobre\u00a0 defini\u00e7\u00e3o e acompanhamento de indicadores que ser\u00e3o avaliados com os respons\u00e1veis pelas \u00e1reas Administrativa, Financeira e Cont\u00e1bil no pr\u00f3ximo ENAFIC a ser realizado ainda no corrente exerc\u00edcio.\u00a0\u00a0\u00a0\u00a0\u00a0\u00a0\u00a0<\/p>\n<p>Na parte cont\u00e1bil, foram destaque \u201cA import\u00e2ncia da implementa\u00e7\u00e3o do sistema de custos no \u00e2mbito dos CRA&#8217;s e CFA\u201d e a apresenta\u00e7\u00e3o das Peculiaridades do E-social no \u00e2mbito dos conselhos profissionais.<\/p>\n<button class=\"simplefavorite-button\" data-postid=\"66738\" data-siteid=\"1\" data-groupid=\"1\" data-favoritecount=\"0\" style=\"\">Favorite <i class=\"sf-icon-star-empty\"><\/i><\/button>","protected":false},"excerpt":{"rendered":"<p>O Conselho Federal de Administra\u00e7\u00e3o est\u00e1 realizando uma s\u00e9rie de eventos internos para unificar as a\u00e7\u00f5es do Sistema CFA\/CRAs durante o ano de 2024. Esta semana, de 09 a 12\/04, est\u00e1 sendo realizado o Encontro Nacional dos respons\u00e1veis pelas \u00e1reas Administrativa, Financeira e Cont\u00e1bil e do Encontro Nacional de Tecnologia da Informa\u00e7\u00e3o e Comunica\u00e7\u00e3o (ENAFIC<a class=\"read-more\" href=\"https:\/\/crarn.org.br\/?p=66738\"> [&hellip;]<\/a><\/p>\n","protected":false},"author":26,"featured_media":66739,"comment_status":"closed","ping_status":"open","sticky":true,"template":"","format":"standard","meta":{"_price":"","_stock":"","_tribe_ticket_header":"","_tribe_default_ticket_provider":"","_tribe_ticket_capacity":"0","_ticket_start_date":"","_ticket_end_date":"","_tribe_ticket_show_description":"","_tribe_ticket_show_not_going":false,"_tribe_ticket_use_global_stock":"","_tribe_ticket_global_stock_level":"","_global_stock_mode":"","_global_stock_cap":"","_tribe_rsvp_for_event":"","_tribe_ticket_going_count":"","_tribe_ticket_not_going_count":"","_tribe_tickets_list":"[]","_tribe_ticket_has_attendee_info_fields":false,"footnotes":"","_links_to":"","_links_to_target":""},"categories":[580,310,320,399,309],"tags":[],"class_list":["post-66738","post","type-post","status-publish","format-standard","has-post-thumbnail","hentry","category-ano-2024","category-destaque-grande","category-home","category-institucional","category-ultimas-noticias","entry","has-media"],"_links":{"self":[{"href":"https:\/\/crarn.org.br\/index.php?rest_route=\/wp\/v2\/posts\/66738","targetHints":{"allow":["GET"]}}],"collection":[{"href":"https:\/\/crarn.org.br\/index.php?rest_route=\/wp\/v2\/posts"}],"about":[{"href":"https:\/\/crarn.org.br\/index.php?rest_route=\/wp\/v2\/types\/post"}],"author":[{"embeddable":true,"href":"https:\/\/crarn.org.br\/index.php?rest_route=\/wp\/v2\/users\/26"}],"replies":[{"embeddable":true,"href":"https:\/\/crarn.org.br\/index.php?rest_route=%2Fwp%2Fv2%2Fcomments&post=66738"}],"version-history":[{"count":1,"href":"https:\/\/crarn.org.br\/index.php?rest_route=\/wp\/v2\/posts\/66738\/revisions"}],"predecessor-version":[{"id":66740,"href":"https:\/\/crarn.org.br\/index.php?rest_route=\/wp\/v2\/posts\/66738\/revisions\/66740"}],"wp:featuredmedia":[{"embeddable":true,"href":"https:\/\/crarn.org.br\/index.php?rest_route=\/wp\/v2\/media\/66739"}],"wp:attachment":[{"href":"https:\/\/crarn.org.br\/index.php?rest_route=%2Fwp%2Fv2%2Fmedia&parent=66738"}],"wp:term":[{"taxonomy":"category","embeddable":true,"href":"https:\/\/crarn.org.br\/index.php?rest_route=%2Fwp%2Fv2%2Fcategories&post=66738"},{"taxonomy":"post_tag","embeddable":true,"href":"https:\/\/crarn.org.br\/index.php?rest_route=%2Fwp%2Fv2%2Ftags&post=66738"}],"curies":[{"name":"wp","href":"https:\/\/api.w.org\/{rel}","templated":true}]}}