{"id":66728,"date":"2024-04-08T16:58:15","date_gmt":"2024-04-08T19:58:15","guid":{"rendered":"https:\/\/crarn.org.br\/?p=66728"},"modified":"2024-04-08T17:11:24","modified_gmt":"2024-04-08T20:11:24","slug":"aplicativo-do-sistema-cfa-cras-esta-disponivel-para-download","status":"publish","type":"post","link":"https:\/\/crarn.org.br\/?p=66728","title":{"rendered":"Aplicativo do Sistema CFA\/CRAs est\u00e1 dispon\u00edvel para download"},"content":{"rendered":"\n<header class=\"entry-header clr\">\n<p>J\u00e1 est\u00e1 dispon\u00edvel para download o aplicativo do Sistema CFA\/CRAs. Os interessados podem baixar a ferramenta tanto para android quanto para IOS.\u00a0<\/p>\n<p>O lan\u00e7amento oficial do aplicativo ocorreu durante o F\u00f3rum Conjunto de Presidentes, realizado em Macei\u00f3. Os usu\u00e1rios v\u00e3o poder acessar os servi\u00e7os de forma r\u00e1pida e eficiente na palma da m\u00e3o.\u00a0<\/p>\n<p>Est\u00e3o dispon\u00edveis as informa\u00e7\u00f5es de servi\u00e7os como IGM-CFA, CFA Talentos, Clube de Vantagens e ACADM. Al\u00e9m da possibilidade de acompanhar a Revista Brasileira de Administra\u00e7\u00e3o, CFAPlay, ouvidoria, site do CFA, certifica\u00e7\u00e3o profissional e tudo sobre as elei\u00e7\u00f5es.<\/p>\n<p>O diretor da C\u00e2mara de Estudos e Projetos Estrat\u00e9gicos do CFA, Adm. Jorge Cavalcante, destaca que a iniciativa \u00e9 um marco. A ferramenta vai atender a todos os profissionais da administra\u00e7\u00e3o.\u00a0<\/p>\n<blockquote>\n<p>\u201cMais uma a\u00e7\u00e3o da nossa diretoria onde a gente projetou o desenvolvimento de um aplicativo que atendesse todas as expectativas de um gestor, de um administrador registrado, bem como dos estudantes e todos que trabalham com a administra\u00e7\u00e3o\u201d.<\/p>\n<\/blockquote>\n<p>Para a membro da C\u00e2mara de\u00a0 Estudos e Projetos Estrat\u00e9gicos do CFA, Adm. Norma Andrade, o objetivo \u00e9 integrar e aproximar os mais jovens do Sistema CFA\/CRAs.<\/p>\n<blockquote>\n<p>\u201cA concep\u00e7\u00e3o desse aplicativo \u00e9 justamente para trazer o pessoal jovem para dentro do Sistema, para eles saberem mais e saberem o que a gente faz. Eu estou muito feliz e satisfeita que o fruto est\u00e1 a\u00ed\u201d.<\/p>\n<\/blockquote>\n<p>O colaborador do CFA e um dos respons\u00e1veis por desenvolver o aplicativo, Weuller Marcos da Silva, destaca que\u00a0 objetivo \u00e9 que o servi\u00e7o seja sempre atualizado e traga cada vez mais novidades para o profissional.<\/p>\n<blockquote>\n<p>\u201c\u00c9 s\u00f3 a primeira vers\u00e3o do aplicativo e a tend\u00eancia \u00e9 que cada vez mais a gente traga mais produtos, mais servi\u00e7os e mais funcionalidades para o aplicativo. A ideia \u00e9 facilitar a vida do profissional. \u00c9 trazer para a palma da m\u00e3o de f\u00e1cil acesso todos os produtos do Sistema CFA\/CRAs\u201d.\u00a0<\/p>\n<\/blockquote>\n<\/header>\n<p>\u00a0<\/p>\n<p>Veja o v\u00eddeo sobre o aplicativo <a href=\"https:\/\/youtu.be\/sUAhYaK6iYw?si=YDNFraYCcNHXJ6Df\">aqui<\/a><\/p>\n<p>\u00a0<\/p>\n<header class=\"entry-header clr\">\n<p>Rodrigo Miranda<br \/>Assessoria de Comunica\u00e7\u00e3o CFA<\/p>\n<pre class=\"single-post-title entry-title\"><br \/><br \/><\/pre>\n<\/header>\n<button class=\"simplefavorite-button\" data-postid=\"66728\" data-siteid=\"1\" data-groupid=\"1\" data-favoritecount=\"0\" style=\"\">Favorite <i class=\"sf-icon-star-empty\"><\/i><\/button>","protected":false},"excerpt":{"rendered":"<p>J\u00e1 est\u00e1 dispon\u00edvel para download o aplicativo do Sistema CFA\/CRAs. Os interessados podem baixar a ferramenta tanto para android quanto para IOS.\u00a0 O lan\u00e7amento oficial do aplicativo ocorreu durante o F\u00f3rum Conjunto de Presidentes, realizado em Macei\u00f3. Os usu\u00e1rios v\u00e3o poder acessar os servi\u00e7os de forma r\u00e1pida e eficiente na palma da m\u00e3o.\u00a0 Est\u00e3o dispon\u00edveis<a class=\"read-more\" href=\"https:\/\/crarn.org.br\/?p=66728\"> [&hellip;]<\/a><\/p>\n","protected":false},"author":26,"featured_media":66729,"comment_status":"closed","ping_status":"open","sticky":true,"template":"","format":"standard","meta":{"_price":"","_stock":"","_tribe_ticket_header":"","_tribe_default_ticket_provider":"","_tribe_ticket_capacity":"0","_ticket_start_date":"","_ticket_end_date":"","_tribe_ticket_show_description":"","_tribe_ticket_show_not_going":false,"_tribe_ticket_use_global_stock":"","_tribe_ticket_global_stock_level":"","_global_stock_mode":"","_global_stock_cap":"","_tribe_rsvp_for_event":"","_tribe_ticket_going_count":"","_tribe_ticket_not_going_count":"","_tribe_tickets_list":"[]","_tribe_ticket_has_attendee_info_fields":false,"footnotes":"","_links_to":"","_links_to_target":""},"categories":[580,426,311,320,309],"tags":[],"class_list":["post-66728","post","type-post","status-publish","format-standard","has-post-thumbnail","hentry","category-ano-2024","category-cfa","category-destaque-pequeno-superior","category-home","category-ultimas-noticias","entry","has-media"],"_links":{"self":[{"href":"https:\/\/crarn.org.br\/index.php?rest_route=\/wp\/v2\/posts\/66728","targetHints":{"allow":["GET"]}}],"collection":[{"href":"https:\/\/crarn.org.br\/index.php?rest_route=\/wp\/v2\/posts"}],"about":[{"href":"https:\/\/crarn.org.br\/index.php?rest_route=\/wp\/v2\/types\/post"}],"author":[{"embeddable":true,"href":"https:\/\/crarn.org.br\/index.php?rest_route=\/wp\/v2\/users\/26"}],"replies":[{"embeddable":true,"href":"https:\/\/crarn.org.br\/index.php?rest_route=%2Fwp%2Fv2%2Fcomments&post=66728"}],"version-history":[{"count":2,"href":"https:\/\/crarn.org.br\/index.php?rest_route=\/wp\/v2\/posts\/66728\/revisions"}],"predecessor-version":[{"id":66731,"href":"https:\/\/crarn.org.br\/index.php?rest_route=\/wp\/v2\/posts\/66728\/revisions\/66731"}],"wp:featuredmedia":[{"embeddable":true,"href":"https:\/\/crarn.org.br\/index.php?rest_route=\/wp\/v2\/media\/66729"}],"wp:attachment":[{"href":"https:\/\/crarn.org.br\/index.php?rest_route=%2Fwp%2Fv2%2Fmedia&parent=66728"}],"wp:term":[{"taxonomy":"category","embeddable":true,"href":"https:\/\/crarn.org.br\/index.php?rest_route=%2Fwp%2Fv2%2Fcategories&post=66728"},{"taxonomy":"post_tag","embeddable":true,"href":"https:\/\/crarn.org.br\/index.php?rest_route=%2Fwp%2Fv2%2Ftags&post=66728"}],"curies":[{"name":"wp","href":"https:\/\/api.w.org\/{rel}","templated":true}]}}