{"id":66708,"date":"2024-03-26T10:49:46","date_gmt":"2024-03-26T13:49:46","guid":{"rendered":"https:\/\/crarn.org.br\/?p=66708"},"modified":"2024-04-05T09:46:13","modified_gmt":"2024-04-05T12:46:13","slug":"primeira-edicao-do-adm-na-pratica-traz-o-valuation-para-gestores","status":"publish","type":"post","link":"https:\/\/crarn.org.br\/?p=66708","title":{"rendered":"Primeira edi\u00e7\u00e3o do ADM na Pr\u00e1tica traz o \u201cValuation para Gestores\u201d"},"content":{"rendered":"\n<p>O projeto ADM na Pr\u00e1tica iniciou sua primeira edi\u00e7\u00e3o na noite desta segunda-feira (25\/03), com a oficina sobre \u201cValuation para Gestores\u201d.<\/p>\n<p>Uma plateia atenta e interessada, ouviu a apresenta\u00e7\u00e3o do instrutor, o Doutor em Administra\u00e7\u00e3o, professor da UFRN, com mestrado em finan\u00e7as e bacharelado em contabilidade, economia e administra\u00e7\u00e3o, Adm. Gabriel Martins.<\/p>\n<p>No primeiro dia, o professor Gabriel explicou a forma de c\u00e1lculo do valor de uma empresa, na perspectiva dos gestores, de forma que o administrador tenha uma vis\u00e3o de at\u00e9 que ponto e como pode contribuir para a gera\u00e7\u00e3o de riqueza econ\u00f4mica da empresa, tanto na vis\u00e3o de quem vai avaliar a empresa monetariamente, como para quem vai ser avaliado como gestor, de forma a cumprir o seu papel para o enriquecimento econ\u00f4mico do neg\u00f3cio. Tamb\u00e9m, foi mostrado o lado do gestor de pessoas que precisa avaliar o talento de um funcion\u00e1rio.<\/p>\n<p>Durante a oficina ainda est\u00e3o sendo discutidos questionamentos quanto a valores intang\u00edveis, valores de marca, valores de talentos, quanto vale o neg\u00f3cio, quanto pagar a um s\u00f3cio que se retira, quanto vale uma empresa; modelos de valuation etc.<\/p>\n<button class=\"simplefavorite-button\" data-postid=\"66708\" data-siteid=\"1\" data-groupid=\"1\" data-favoritecount=\"0\" style=\"\">Favorite <i class=\"sf-icon-star-empty\"><\/i><\/button>","protected":false},"excerpt":{"rendered":"<p>O projeto ADM na Pr\u00e1tica iniciou sua primeira edi\u00e7\u00e3o na noite desta segunda-feira (25\/03), com a oficina sobre \u201cValuation para Gestores\u201d. Uma plateia atenta e interessada, ouviu a apresenta\u00e7\u00e3o do instrutor, o Doutor em Administra\u00e7\u00e3o, professor da UFRN, com mestrado em finan\u00e7as e bacharelado em contabilidade, economia e administra\u00e7\u00e3o, Adm. Gabriel Martins. No primeiro dia,<a class=\"read-more\" href=\"https:\/\/crarn.org.br\/?p=66708\"> [&hellip;]<\/a><\/p>\n","protected":false},"author":26,"featured_media":66709,"comment_status":"closed","ping_status":"open","sticky":true,"template":"","format":"standard","meta":{"_price":"","_stock":"","_tribe_ticket_header":"","_tribe_default_ticket_provider":"","_tribe_ticket_capacity":"0","_ticket_start_date":"","_ticket_end_date":"","_tribe_ticket_show_description":"","_tribe_ticket_show_not_going":false,"_tribe_ticket_use_global_stock":"","_tribe_ticket_global_stock_level":"","_global_stock_mode":"","_global_stock_cap":"","_tribe_rsvp_for_event":"","_tribe_ticket_going_count":"","_tribe_ticket_not_going_count":"","_tribe_tickets_list":"[]","_tribe_ticket_has_attendee_info_fields":false,"footnotes":"","_links_to":"","_links_to_target":""},"categories":[580,311,320,399,309],"tags":[],"class_list":["post-66708","post","type-post","status-publish","format-standard","has-post-thumbnail","hentry","category-ano-2024","category-destaque-pequeno-superior","category-home","category-institucional","category-ultimas-noticias","entry","has-media"],"_links":{"self":[{"href":"https:\/\/crarn.org.br\/index.php?rest_route=\/wp\/v2\/posts\/66708","targetHints":{"allow":["GET"]}}],"collection":[{"href":"https:\/\/crarn.org.br\/index.php?rest_route=\/wp\/v2\/posts"}],"about":[{"href":"https:\/\/crarn.org.br\/index.php?rest_route=\/wp\/v2\/types\/post"}],"author":[{"embeddable":true,"href":"https:\/\/crarn.org.br\/index.php?rest_route=\/wp\/v2\/users\/26"}],"replies":[{"embeddable":true,"href":"https:\/\/crarn.org.br\/index.php?rest_route=%2Fwp%2Fv2%2Fcomments&post=66708"}],"version-history":[{"count":1,"href":"https:\/\/crarn.org.br\/index.php?rest_route=\/wp\/v2\/posts\/66708\/revisions"}],"predecessor-version":[{"id":66710,"href":"https:\/\/crarn.org.br\/index.php?rest_route=\/wp\/v2\/posts\/66708\/revisions\/66710"}],"wp:featuredmedia":[{"embeddable":true,"href":"https:\/\/crarn.org.br\/index.php?rest_route=\/wp\/v2\/media\/66709"}],"wp:attachment":[{"href":"https:\/\/crarn.org.br\/index.php?rest_route=%2Fwp%2Fv2%2Fmedia&parent=66708"}],"wp:term":[{"taxonomy":"category","embeddable":true,"href":"https:\/\/crarn.org.br\/index.php?rest_route=%2Fwp%2Fv2%2Fcategories&post=66708"},{"taxonomy":"post_tag","embeddable":true,"href":"https:\/\/crarn.org.br\/index.php?rest_route=%2Fwp%2Fv2%2Ftags&post=66708"}],"curies":[{"name":"wp","href":"https:\/\/api.w.org\/{rel}","templated":true}]}}