{"id":66693,"date":"2024-03-21T16:01:44","date_gmt":"2024-03-21T19:01:44","guid":{"rendered":"https:\/\/crarn.org.br\/?p=66693"},"modified":"2024-03-21T16:01:47","modified_gmt":"2024-03-21T19:01:47","slug":"maceio-recebe-forum-de-presidentes-do-sistema-cfa-cras","status":"publish","type":"post","link":"https:\/\/crarn.org.br\/?p=66693","title":{"rendered":"Macei\u00f3 recebe F\u00f3rum de Presidentes do Sistema CFA\/CRAs"},"content":{"rendered":"\n<p>O presidente do CRA-RN, Adm. Fl\u00e1vio Em\u00edlio Cavalcanti, participa, nesta quinta e sexta-feira (21 e 22\/03), da segunda edi\u00e7\u00e3o de 2024 do F\u00f3rum de Presidentes do Sistema CFA\/CRAs, que est\u00e1 sendo realizado em Macei\u00f3, Alagoas.<\/p>\n<p>A abertura do evento, que conta com a participa\u00e7\u00e3o dos 27 presidentes dos regionais de todo o Brasil, foi feita pelo presidente do CFA, Adm. Leonardo Macedo, que fez o lan\u00e7amento do \u201cProspecta Licita\u201d \u2013 sistema que vai permitir aos conselhos fiscalizar os editais de licita\u00e7\u00e3o do pa\u00eds \u2013 e do aplicativo \u201cCFA em suas m\u00e3os\u201d.<\/p>\n<p>Durante o encontro, ser\u00e3o discutidos assuntos que dizem respeito ao funcionamento dos regionais e \u00e0 otimiza\u00e7\u00e3o dos servi\u00e7os prestados aos profissionais, como atualiza\u00e7\u00e3o da Classifica\u00e7\u00e3o Brasileira de Ocupa\u00e7\u00f5es \u2013 CBO; mercado de trabalho para Estagi\u00e1rios de Administra\u00e7\u00e3o; cria\u00e7\u00e3o de um Cadastro de Perito; incentivo \u00e0 regulariza\u00e7\u00e3o de d\u00e9bitos tribut\u00e1rios nos Conselhos Regionais de Administra\u00e7\u00e3o; comemora\u00e7\u00e3o pelos 60 anos da profiss\u00e3o; informa\u00e7\u00f5es sobre o F\u00f3rum Internacional de Administra\u00e7\u00e3o \u2013 FIA 2024; Plano Nacional de A\u00e7\u00e3o do Sistema CFA\/CRAs; Pr\u00eamio CFA Belmiro Siqueira \u2013 2024; cursos voltados aos Profissionais de Administra\u00e7\u00e3o \u2013 projeto do Plano de A\u00e7\u00e3o do Sistema CFA\/CRAs; Pr\u00e9-Campanha Elei\u00e7\u00f5es; ENACOM \u2013 Proposta e programa\u00e7\u00e3o.<\/p>\n<p>\u00a0<\/p>\n<button class=\"simplefavorite-button\" data-postid=\"66693\" data-siteid=\"1\" data-groupid=\"1\" data-favoritecount=\"0\" style=\"\">Favorite <i class=\"sf-icon-star-empty\"><\/i><\/button>","protected":false},"excerpt":{"rendered":"<p>O presidente do CRA-RN, Adm. Fl\u00e1vio Em\u00edlio Cavalcanti, participa, nesta quinta e sexta-feira (21 e 22\/03), da segunda edi\u00e7\u00e3o de 2024 do F\u00f3rum de Presidentes do Sistema CFA\/CRAs, que est\u00e1 sendo realizado em Macei\u00f3, Alagoas. A abertura do evento, que conta com a participa\u00e7\u00e3o dos 27 presidentes dos regionais de todo o Brasil, foi feita<a class=\"read-more\" href=\"https:\/\/crarn.org.br\/?p=66693\"> [&hellip;]<\/a><\/p>\n","protected":false},"author":26,"featured_media":66695,"comment_status":"closed","ping_status":"open","sticky":true,"template":"","format":"standard","meta":{"_price":"","_stock":"","_tribe_ticket_header":"","_tribe_default_ticket_provider":"","_tribe_ticket_capacity":"0","_ticket_start_date":"","_ticket_end_date":"","_tribe_ticket_show_description":"","_tribe_ticket_show_not_going":false,"_tribe_ticket_use_global_stock":"","_tribe_ticket_global_stock_level":"","_global_stock_mode":"","_global_stock_cap":"","_tribe_rsvp_for_event":"","_tribe_ticket_going_count":"","_tribe_ticket_not_going_count":"","_tribe_tickets_list":"[]","_tribe_ticket_has_attendee_info_fields":false,"footnotes":"","_links_to":"","_links_to_target":""},"categories":[580,310,320,399,309],"tags":[],"class_list":["post-66693","post","type-post","status-publish","format-standard","has-post-thumbnail","hentry","category-ano-2024","category-destaque-grande","category-home","category-institucional","category-ultimas-noticias","entry","has-media"],"_links":{"self":[{"href":"https:\/\/crarn.org.br\/index.php?rest_route=\/wp\/v2\/posts\/66693","targetHints":{"allow":["GET"]}}],"collection":[{"href":"https:\/\/crarn.org.br\/index.php?rest_route=\/wp\/v2\/posts"}],"about":[{"href":"https:\/\/crarn.org.br\/index.php?rest_route=\/wp\/v2\/types\/post"}],"author":[{"embeddable":true,"href":"https:\/\/crarn.org.br\/index.php?rest_route=\/wp\/v2\/users\/26"}],"replies":[{"embeddable":true,"href":"https:\/\/crarn.org.br\/index.php?rest_route=%2Fwp%2Fv2%2Fcomments&post=66693"}],"version-history":[{"count":1,"href":"https:\/\/crarn.org.br\/index.php?rest_route=\/wp\/v2\/posts\/66693\/revisions"}],"predecessor-version":[{"id":66696,"href":"https:\/\/crarn.org.br\/index.php?rest_route=\/wp\/v2\/posts\/66693\/revisions\/66696"}],"wp:featuredmedia":[{"embeddable":true,"href":"https:\/\/crarn.org.br\/index.php?rest_route=\/wp\/v2\/media\/66695"}],"wp:attachment":[{"href":"https:\/\/crarn.org.br\/index.php?rest_route=%2Fwp%2Fv2%2Fmedia&parent=66693"}],"wp:term":[{"taxonomy":"category","embeddable":true,"href":"https:\/\/crarn.org.br\/index.php?rest_route=%2Fwp%2Fv2%2Fcategories&post=66693"},{"taxonomy":"post_tag","embeddable":true,"href":"https:\/\/crarn.org.br\/index.php?rest_route=%2Fwp%2Fv2%2Ftags&post=66693"}],"curies":[{"name":"wp","href":"https:\/\/api.w.org\/{rel}","templated":true}]}}