{"id":66686,"date":"2024-03-19T12:06:06","date_gmt":"2024-03-19T15:06:06","guid":{"rendered":"https:\/\/crarn.org.br\/?p=66686"},"modified":"2024-03-22T13:04:34","modified_gmt":"2024-03-22T16:04:34","slug":"cra-rn-realiza-plenaria-de-marco","status":"publish","type":"post","link":"https:\/\/crarn.org.br\/?p=66686","title":{"rendered":"CRA-RN realiza plen\u00e1ria de mar\u00e7o"},"content":{"rendered":"\n<p>Na manh\u00e3 desta ter\u00e7a-feira (19\/03), os conselheiros do CRA-RN se reuniram na plen\u00e1ria de mar\u00e7o para definir a\u00e7\u00f5es e projeto.<\/p>\n<p>Ao abrir a reuni\u00e3o, o presidente Adm. Fl\u00e1vio Em\u00edlio Cavalcanti, iniciou a pauta com a designa\u00e7\u00e3o da Comiss\u00e3o Eleitoral e os relatos sobre as visitas \u00e0s Institui\u00e7\u00f5es de Ensino Superior e o 2\u00ba F\u00f3rum de Presidentes de 2024.<\/p>\n<p>Na sequ\u00eancia, os diretores seguiram com a pauta, que inclu\u00eda v\u00e1rios pontos de discuss\u00e3o. Entre os principais estavam: PRODER 2023\/2024; contrata\u00e7\u00e3o de Sistema WhatsApp; resultados do ENAF; apresenta\u00e7\u00e3o do Plano de A\u00e7\u00f5es da Fiscaliza\u00e7\u00e3o; Prospecta Licita; Projeto ADM na Pr\u00e1tica e os dados administrativos e financeiros como receita e despesas; posi\u00e7\u00e3o PF e PJ em \u00a0fevereiro\/24; D\u00edvida Ativa e aprova\u00e7\u00e3o de balancetes \u2013 fevereiro\/24.<\/p>\n<p>Al\u00e9m do presidente, Adm. Fl\u00e1vio Em\u00edlio, estavam presentes, o vice-presidente, Adm. Cl\u00e1udio Henrique Bessa; a diretora de Fiscaliza\u00e7\u00e3o e Registro, Adm. Kate Maciel; a diretora Administrativa e Financeira, Adm. C\u00e9lia Ribeiro; a diretora de Forma\u00e7\u00e3o Profissional, Adm. Val\u00e9ria Ara\u00fajo; a conselheira Adm. Alice Dantas; os conselheiros, Adm. Alysson Ara\u00fajo; Adm. Di\u00eago Dantas e Adm. Rodrigo Fortunato e o conselheiro suplente, Adm. Leonardo da Costa Lima.<\/p>\n<button class=\"simplefavorite-button\" data-postid=\"66686\" data-siteid=\"1\" data-groupid=\"1\" data-favoritecount=\"0\" style=\"\">Favorite <i class=\"sf-icon-star-empty\"><\/i><\/button>","protected":false},"excerpt":{"rendered":"<p>Na manh\u00e3 desta ter\u00e7a-feira (19\/03), os conselheiros do CRA-RN se reuniram na plen\u00e1ria de mar\u00e7o para definir a\u00e7\u00f5es e projeto. Ao abrir a reuni\u00e3o, o presidente Adm. Fl\u00e1vio Em\u00edlio Cavalcanti, iniciou a pauta com a designa\u00e7\u00e3o da Comiss\u00e3o Eleitoral e os relatos sobre as visitas \u00e0s Institui\u00e7\u00f5es de Ensino Superior e o 2\u00ba F\u00f3rum de<a class=\"read-more\" href=\"https:\/\/crarn.org.br\/?p=66686\"> [&hellip;]<\/a><\/p>\n","protected":false},"author":26,"featured_media":66687,"comment_status":"closed","ping_status":"open","sticky":true,"template":"","format":"standard","meta":{"_price":"","_stock":"","_tribe_ticket_header":"","_tribe_default_ticket_provider":"","_tribe_ticket_capacity":"0","_ticket_start_date":"","_ticket_end_date":"","_tribe_ticket_show_description":"","_tribe_ticket_show_not_going":false,"_tribe_ticket_use_global_stock":"","_tribe_ticket_global_stock_level":"","_global_stock_mode":"","_global_stock_cap":"","_tribe_rsvp_for_event":"","_tribe_ticket_going_count":"","_tribe_ticket_not_going_count":"","_tribe_tickets_list":"[]","_tribe_ticket_has_attendee_info_fields":false,"footnotes":"","_links_to":"","_links_to_target":""},"categories":[580,310,320,399,309],"tags":[],"class_list":["post-66686","post","type-post","status-publish","format-standard","has-post-thumbnail","hentry","category-ano-2024","category-destaque-grande","category-home","category-institucional","category-ultimas-noticias","entry","has-media"],"_links":{"self":[{"href":"https:\/\/crarn.org.br\/index.php?rest_route=\/wp\/v2\/posts\/66686","targetHints":{"allow":["GET"]}}],"collection":[{"href":"https:\/\/crarn.org.br\/index.php?rest_route=\/wp\/v2\/posts"}],"about":[{"href":"https:\/\/crarn.org.br\/index.php?rest_route=\/wp\/v2\/types\/post"}],"author":[{"embeddable":true,"href":"https:\/\/crarn.org.br\/index.php?rest_route=\/wp\/v2\/users\/26"}],"replies":[{"embeddable":true,"href":"https:\/\/crarn.org.br\/index.php?rest_route=%2Fwp%2Fv2%2Fcomments&post=66686"}],"version-history":[{"count":2,"href":"https:\/\/crarn.org.br\/index.php?rest_route=\/wp\/v2\/posts\/66686\/revisions"}],"predecessor-version":[{"id":66700,"href":"https:\/\/crarn.org.br\/index.php?rest_route=\/wp\/v2\/posts\/66686\/revisions\/66700"}],"wp:featuredmedia":[{"embeddable":true,"href":"https:\/\/crarn.org.br\/index.php?rest_route=\/wp\/v2\/media\/66687"}],"wp:attachment":[{"href":"https:\/\/crarn.org.br\/index.php?rest_route=%2Fwp%2Fv2%2Fmedia&parent=66686"}],"wp:term":[{"taxonomy":"category","embeddable":true,"href":"https:\/\/crarn.org.br\/index.php?rest_route=%2Fwp%2Fv2%2Fcategories&post=66686"},{"taxonomy":"post_tag","embeddable":true,"href":"https:\/\/crarn.org.br\/index.php?rest_route=%2Fwp%2Fv2%2Ftags&post=66686"}],"curies":[{"name":"wp","href":"https:\/\/api.w.org\/{rel}","templated":true}]}}