{"id":66672,"date":"2024-03-12T14:18:14","date_gmt":"2024-03-12T17:18:14","guid":{"rendered":"https:\/\/crarn.org.br\/?p=66672"},"modified":"2024-03-12T14:21:03","modified_gmt":"2024-03-12T17:21:03","slug":"cra-rn-promove-capacitacao-com-o-projeto-adm-na-pratica","status":"publish","type":"post","link":"https:\/\/crarn.org.br\/?p=66672","title":{"rendered":"CRA-RN promove capacita\u00e7\u00e3o com o projeto ADM na Pr\u00e1tica"},"content":{"rendered":"\n<p>Est\u00e1 chegando mais um projeto do CRA-RN, com o objetivo de promover a capacita\u00e7\u00e3o dos profissionais por meio de oficinas.<\/p>\n<p>O ADM na Pr\u00e1tica ter\u00e1 a sua primeira edi\u00e7\u00e3o nos pr\u00f3ximos dias 25 e 26 de mar\u00e7o com a oficina \u201cValuation para Gestores\u201d, com o Doutor em Administra\u00e7\u00e3o, professor da UFRN, com mestrado em finan\u00e7as e bacharelado em contabilidade, economia e administra\u00e7\u00e3o, Gabriel Martins.<\/p>\n<p>As inscri\u00e7\u00f5es devem ser feitas pelo link<\/p>\n<p>Confira os valores das inscri\u00e7\u00f5es:<br \/>&#8211; R$ 20,00 \u2013 registrados adimplentes<br \/>&#8211; R$ 50,00 \u2013 outros profissionais<br \/>&#8211; R$ 10,00 \u2013 estudantes <br \/>&#8211; R$ 5,00 \u2013 registrados no CRA Jovem<\/p>\n<p>Aproveite esta oportunidade para enriquecer o seu curr\u00edculo!<\/p>\n<p><br \/>Data: 25 e 26 de mar\u00e7o<br \/>Hor\u00e1rio: 18h30 \u00e0s 21h30<br \/>Local: Audit\u00f3rio do CRA-RN<\/p>\n<button class=\"simplefavorite-button\" data-postid=\"66672\" data-siteid=\"1\" data-groupid=\"1\" data-favoritecount=\"0\" style=\"\">Favorite <i class=\"sf-icon-star-empty\"><\/i><\/button>","protected":false},"excerpt":{"rendered":"<p>Est\u00e1 chegando mais um projeto do CRA-RN, com o objetivo de promover a capacita\u00e7\u00e3o dos profissionais por meio de oficinas. O ADM na Pr\u00e1tica ter\u00e1 a sua primeira edi\u00e7\u00e3o nos pr\u00f3ximos dias 25 e 26 de mar\u00e7o com a oficina \u201cValuation para Gestores\u201d, com o Doutor em Administra\u00e7\u00e3o, professor da UFRN, com mestrado em finan\u00e7as<a class=\"read-more\" href=\"https:\/\/crarn.org.br\/?p=66672\"> [&hellip;]<\/a><\/p>\n","protected":false},"author":26,"featured_media":66673,"comment_status":"closed","ping_status":"open","sticky":true,"template":"","format":"standard","meta":{"_price":"","_stock":"","_tribe_ticket_header":"","_tribe_default_ticket_provider":"","_tribe_ticket_capacity":"0","_ticket_start_date":"","_ticket_end_date":"","_tribe_ticket_show_description":"","_tribe_ticket_show_not_going":false,"_tribe_ticket_use_global_stock":"","_tribe_ticket_global_stock_level":"","_global_stock_mode":"","_global_stock_cap":"","_tribe_rsvp_for_event":"","_tribe_ticket_going_count":"","_tribe_ticket_not_going_count":"","_tribe_tickets_list":"[]","_tribe_ticket_has_attendee_info_fields":false,"footnotes":"","_links_to":"","_links_to_target":""},"categories":[580,310,320,399,309],"tags":[],"class_list":["post-66672","post","type-post","status-publish","format-standard","has-post-thumbnail","hentry","category-ano-2024","category-destaque-grande","category-home","category-institucional","category-ultimas-noticias","entry","has-media"],"_links":{"self":[{"href":"https:\/\/crarn.org.br\/index.php?rest_route=\/wp\/v2\/posts\/66672","targetHints":{"allow":["GET"]}}],"collection":[{"href":"https:\/\/crarn.org.br\/index.php?rest_route=\/wp\/v2\/posts"}],"about":[{"href":"https:\/\/crarn.org.br\/index.php?rest_route=\/wp\/v2\/types\/post"}],"author":[{"embeddable":true,"href":"https:\/\/crarn.org.br\/index.php?rest_route=\/wp\/v2\/users\/26"}],"replies":[{"embeddable":true,"href":"https:\/\/crarn.org.br\/index.php?rest_route=%2Fwp%2Fv2%2Fcomments&post=66672"}],"version-history":[{"count":1,"href":"https:\/\/crarn.org.br\/index.php?rest_route=\/wp\/v2\/posts\/66672\/revisions"}],"predecessor-version":[{"id":66674,"href":"https:\/\/crarn.org.br\/index.php?rest_route=\/wp\/v2\/posts\/66672\/revisions\/66674"}],"wp:featuredmedia":[{"embeddable":true,"href":"https:\/\/crarn.org.br\/index.php?rest_route=\/wp\/v2\/media\/66673"}],"wp:attachment":[{"href":"https:\/\/crarn.org.br\/index.php?rest_route=%2Fwp%2Fv2%2Fmedia&parent=66672"}],"wp:term":[{"taxonomy":"category","embeddable":true,"href":"https:\/\/crarn.org.br\/index.php?rest_route=%2Fwp%2Fv2%2Fcategories&post=66672"},{"taxonomy":"post_tag","embeddable":true,"href":"https:\/\/crarn.org.br\/index.php?rest_route=%2Fwp%2Fv2%2Ftags&post=66672"}],"curies":[{"name":"wp","href":"https:\/\/api.w.org\/{rel}","templated":true}]}}