{"id":66668,"date":"2024-03-11T16:07:56","date_gmt":"2024-03-11T19:07:56","guid":{"rendered":"https:\/\/crarn.org.br\/?p=66668"},"modified":"2024-03-11T16:07:59","modified_gmt":"2024-03-11T19:07:59","slug":"comissao-adm-mulher-lanca-programa-de-mentoria","status":"publish","type":"post","link":"https:\/\/crarn.org.br\/?p=66668","title":{"rendered":"Comiss\u00e3o ADM Mulher lan\u00e7a Programa de Mentoria"},"content":{"rendered":"\n<p>Na \u00faltima sexta-feira (08\/03), a Comiss\u00e3o Especial ADM Mulher do CRA-RN comemorou o Dia Internacional da Mulher com o lan\u00e7amento do Programa de Mentoria.<\/p>\n<p>O evento contou com a participa\u00e7\u00e3o do presidente do CRA-RN, Adm. Fl\u00e1vio Em\u00edlio Cavalcanti; do conselheiro federal pelo RN, Adm. J\u00falio Rezende; da vice coordenadora da Comiss\u00e3o, Adm. Alice Dantas; da diretora de Fiscaliza\u00e7\u00e3o e Registro do CRA-RN, Adm. Kate Maciel e da diretora Administrativa e Financeira, Adm. C\u00e9lia Ribeiro, al\u00e9m das mentoras e participantes do programa.<\/p>\n<p>O presidente Fl\u00e1vio Em\u00edlio falou sobre a satisfa\u00e7\u00e3o em fazer o lan\u00e7amento do Programa em um data t\u00e3o especial como o Dia Internacional da Mulher. \u201c\u00c9 tamb\u00e9m, uma conquista das mulheres, este programa inovador, que traz para o registrado a oportunidade de ter apoio em alto n\u00edvel e que vai perdurar por muitos anos, com todo o apoio da nossa gest\u00e3o\u201d, garantiu.<\/p>\n<p>A vice coordenadora da ADM Mulher, Alice Dantas falou sobre as a\u00e7\u00f5es da comiss\u00e3o e sobre o Programa de Mentoria, quando fez a apresenta\u00e7\u00e3o do grupo gestor, das mentoras e dos mentorados. \u201cEsperamos conseguir bons frutos, com o crescimento pessoal e profissional dos participantes\u201d, destacou.<\/p>\n<p>Ao final, houve um momento de comemora\u00e7\u00e3o e confraterniza\u00e7\u00e3o entre os presentes ao evento.<\/p>\n\n\n<button class=\"simplefavorite-button\" data-postid=\"66668\" data-siteid=\"1\" data-groupid=\"1\" data-favoritecount=\"0\" style=\"\">Favorite <i class=\"sf-icon-star-empty\"><\/i><\/button>","protected":false},"excerpt":{"rendered":"<p>Na \u00faltima sexta-feira (08\/03), a Comiss\u00e3o Especial ADM Mulher do CRA-RN comemorou o Dia Internacional da Mulher com o lan\u00e7amento do Programa de Mentoria. O evento contou com a participa\u00e7\u00e3o do presidente do CRA-RN, Adm. Fl\u00e1vio Em\u00edlio Cavalcanti; do conselheiro federal pelo RN, Adm. J\u00falio Rezende; da vice coordenadora da Comiss\u00e3o, Adm. Alice Dantas; da<a class=\"read-more\" href=\"https:\/\/crarn.org.br\/?p=66668\"> [&hellip;]<\/a><\/p>\n","protected":false},"author":26,"featured_media":66671,"comment_status":"closed","ping_status":"open","sticky":true,"template":"","format":"standard","meta":{"_price":"","_stock":"","_tribe_ticket_header":"","_tribe_default_ticket_provider":"","_tribe_ticket_capacity":"0","_ticket_start_date":"","_ticket_end_date":"","_tribe_ticket_show_description":"","_tribe_ticket_show_not_going":false,"_tribe_ticket_use_global_stock":"","_tribe_ticket_global_stock_level":"","_global_stock_mode":"","_global_stock_cap":"","_tribe_rsvp_for_event":"","_tribe_ticket_going_count":"","_tribe_ticket_not_going_count":"","_tribe_tickets_list":"[]","_tribe_ticket_has_attendee_info_fields":false,"footnotes":"","_links_to":"","_links_to_target":""},"categories":[580,310,320,309],"tags":[],"class_list":["post-66668","post","type-post","status-publish","format-standard","has-post-thumbnail","hentry","category-ano-2024","category-destaque-grande","category-home","category-ultimas-noticias","entry","has-media"],"_links":{"self":[{"href":"https:\/\/crarn.org.br\/index.php?rest_route=\/wp\/v2\/posts\/66668","targetHints":{"allow":["GET"]}}],"collection":[{"href":"https:\/\/crarn.org.br\/index.php?rest_route=\/wp\/v2\/posts"}],"about":[{"href":"https:\/\/crarn.org.br\/index.php?rest_route=\/wp\/v2\/types\/post"}],"author":[{"embeddable":true,"href":"https:\/\/crarn.org.br\/index.php?rest_route=\/wp\/v2\/users\/26"}],"replies":[{"embeddable":true,"href":"https:\/\/crarn.org.br\/index.php?rest_route=%2Fwp%2Fv2%2Fcomments&post=66668"}],"version-history":[{"count":1,"href":"https:\/\/crarn.org.br\/index.php?rest_route=\/wp\/v2\/posts\/66668\/revisions"}],"predecessor-version":[{"id":66670,"href":"https:\/\/crarn.org.br\/index.php?rest_route=\/wp\/v2\/posts\/66668\/revisions\/66670"}],"wp:featuredmedia":[{"embeddable":true,"href":"https:\/\/crarn.org.br\/index.php?rest_route=\/wp\/v2\/media\/66671"}],"wp:attachment":[{"href":"https:\/\/crarn.org.br\/index.php?rest_route=%2Fwp%2Fv2%2Fmedia&parent=66668"}],"wp:term":[{"taxonomy":"category","embeddable":true,"href":"https:\/\/crarn.org.br\/index.php?rest_route=%2Fwp%2Fv2%2Fcategories&post=66668"},{"taxonomy":"post_tag","embeddable":true,"href":"https:\/\/crarn.org.br\/index.php?rest_route=%2Fwp%2Fv2%2Ftags&post=66668"}],"curies":[{"name":"wp","href":"https:\/\/api.w.org\/{rel}","templated":true}]}}