{"id":66654,"date":"2024-03-07T11:43:18","date_gmt":"2024-03-07T14:43:18","guid":{"rendered":"https:\/\/crarn.org.br\/?p=66654"},"modified":"2024-03-07T12:49:56","modified_gmt":"2024-03-07T15:49:56","slug":"cra-rn-apresenta-plano-de-fiscalizacao-no-encontro-nacional-de-fiscais-do-sistema-cfa-cras","status":"publish","type":"post","link":"https:\/\/crarn.org.br\/?p=66654","title":{"rendered":"CRA-RN apresenta Plano de Fiscaliza\u00e7\u00e3o no Encontro Nacional de Fiscais do Sistema CFA\/CRAs"},"content":{"rendered":"\t\t<div data-elementor-type=\"wp-post\" data-elementor-id=\"66654\" class=\"elementor elementor-66654\">\n\t\t\t\t\t\t<section class=\"elementor-section elementor-top-section elementor-element elementor-element-225b166d elementor-section-boxed elementor-section-height-default elementor-section-height-default\" data-id=\"225b166d\" data-element_type=\"section\" data-e-type=\"section\">\n\t\t\t\t\t\t<div class=\"elementor-container elementor-column-gap-default\">\n\t\t\t\t\t<div class=\"elementor-column elementor-col-100 elementor-top-column elementor-element elementor-element-7c39b7e2\" data-id=\"7c39b7e2\" data-element_type=\"column\" data-e-type=\"column\">\n\t\t\t<div class=\"elementor-widget-wrap elementor-element-populated\">\n\t\t\t\t\t\t<div class=\"elementor-element elementor-element-2d9d6f51 elementor-widget elementor-widget-text-editor\" data-id=\"2d9d6f51\" data-element_type=\"widget\" data-e-type=\"widget\" data-widget_type=\"text-editor.default\">\n\t\t\t\t<div class=\"elementor-widget-container\">\n\t\t\t\t\t\t\t\t\t\n<p>O Conselho Federal de Administra\u00e7\u00e3o sediou o 1\u00ba Encontro Nacional de Fiscais do Sistema CFA\/CRAs de 2024, dias 5 e 6 de mar\u00e7o.<\/p>\n<p>O CRA-RN foi representado pela coordenadora de Registro, Suerda Maciel e pelo Administrador Fiscal, F\u00e1bio Maia, no evento, realizado em formato h\u00edbrido para todos os regionais.<\/p>\n<p>Esta edi\u00e7\u00e3o teve como proposta a apresenta\u00e7\u00e3o dos Planos de Fiscaliza\u00e7\u00e3o para o ano de 2024 dos CRAs, onde constam os tipos de fiscaliza\u00e7\u00e3o e segmentos em que cada um ir\u00e1 atuar, al\u00e9m de suas respectivas metas.<\/p>\n<p>O Administrador Fiscal do CRA-RN, F\u00e1bio Maia, junto com a Coordenadora de Registro, Suerda Maciel, fizeram a apresenta\u00e7\u00e3o do Plano do regional, relatando os principais projetos que ser\u00e3o desenvolvidos em 2024: higienizar o cadastro de pessoa jur\u00eddica; priorizar a cobran\u00e7a de d\u00e9bitos em atraso; priorizar a Fiscaliza\u00e7\u00e3o de Pessoa F\u00edsica que atua em \u00e1rea da Administra\u00e7\u00e3o; incentivar a cria\u00e7\u00e3o de cargos, em \u00e1reas da administra\u00e7\u00e3o, junto aos munic\u00edpios do estado; fiscalizar os cargos comissionados que atuam no campo da Administra\u00e7\u00e3o; fiscalizar os 4 CNAES de grande atua\u00e7\u00e3o no estado, desenvolvido por empresas prestadoras de servi\u00e7os e fiscalizar os contratos de licita\u00e7\u00f5es de prefeituras com objetos atrelados a \u00e1rea da administra\u00e7\u00e3o.<\/p>\n<p>Em rela\u00e7\u00e3o \u00e0 fiscaliza\u00e7\u00e3o de Pessoa F\u00edsica, o fiscal relatou que foram identificados, atrav\u00e9s do sistema prospecta do CFA, mais de 2.400 profissionais atuando com o CBO de Administrador. \u201cEnt\u00e3o, n\u00f3s colocamos como meta fiscalizar este pessoal para identificar se eles est\u00e3o, de fato, atuando na \u00e1rea e, solucionar poss\u00edveis ilegalidades\u201d, explicou.<\/p>\n<p>Quanto ao projeto sobre inser\u00e7\u00e3o de Cargos Efetivos e Fiscaliza\u00e7\u00e3o de Cargos Comissionados na Gest\u00e3o Municipal, F\u00e1bio informou que ser\u00e1 uma das prioridades do exerc\u00edcio de 2024. \u201cVamos identificar um grupo de 40 munic\u00edpios que, na sua estrutura de cargos, n\u00e3o tenham contemplado nenhum cargo na \u00e1rea de administra\u00e7\u00e3o e, a partir da\u00ed, vamos apresentar uma minuta de Projeto de Lei para inserir este cargo na estrutura do munic\u00edpio. Al\u00e9m disso, vamos orientar quanto \u00e0 qualifica\u00e7\u00e3o t\u00e9cnica na escolha de cargos comissionados, para que seja exigido o registro no conselho, no caso de contrata\u00e7\u00e3o de profissional da \u00e1rea de administra\u00e7\u00e3o\u201d, esclareceu.<\/p>\n<p>A participa\u00e7\u00e3o dos servidores em eventos como o ENAF traz mais conhecimentos, que servir\u00e3o para intensificar as a\u00e7\u00f5es de fiscaliza\u00e7\u00e3o e aprimorar os m\u00e9todos aplicados por cada regional.<\/p>\n<p>A coordenadora de Registro do CRA-RN, Suerda Maciel, destaca a import\u00e2ncia de conhecer as pr\u00e1ticas de outros conselhos. \u201c\u00c9 de extrema import\u00e2ncia, porque nos proporciona a oportunidade de trocar experi\u00eancias e conhecer as novidades, gerando um conhecimento profissional que em muito contribui para os bons resultados do nosso trabalho\u201d, destacou.<\/p>\n<p>O ENAF tamb\u00e9m contar\u00e1 com uma segunda edi\u00e7\u00e3o prevista para o segundo semestre do ano. O objetivo \u00e9 intensificar as a\u00e7\u00f5es de fiscaliza\u00e7\u00e3o e aprimorar todos os m\u00e9todos aplicados. As a\u00e7\u00f5es garantem a atua\u00e7\u00e3o do profissional de administra\u00e7\u00e3o registrado e proporciona mais oportunidades no mercado de trabalho.<\/p>\n<p>\u00a0<\/p>\n<p>*Com informa\u00e7\u00f5es da Assessoria de Comunica\u00e7\u00e3o do CFA.<\/p>\n<p>\u00a0<\/p>\n\t\t\t\t\t\t\t\t<\/div>\n\t\t\t\t<\/div>\n\t\t\t\t\t<\/div>\n\t\t<\/div>\n\t\t\t\t\t<\/div>\n\t\t<\/section>\n\t\t\t\t<\/div>\n\t\t<button class=\"simplefavorite-button\" data-postid=\"66654\" data-siteid=\"1\" data-groupid=\"1\" data-favoritecount=\"0\" style=\"\">Favorite <i class=\"sf-icon-star-empty\"><\/i><\/button>","protected":false},"excerpt":{"rendered":"<p>O Conselho Federal de Administra\u00e7\u00e3o sediou o 1\u00ba Encontro Nacional de Fiscais do Sistema CFA\/CRAs de 2024, dias 5 e 6 de mar\u00e7o. O CRA-RN foi representado pela coordenadora de Registro, Suerda Maciel e pelo Administrador Fiscal, F\u00e1bio Maia, no evento, realizado em formato h\u00edbrido para todos os regionais. Esta edi\u00e7\u00e3o teve como proposta a<a class=\"read-more\" href=\"https:\/\/crarn.org.br\/?p=66654\"> [&hellip;]<\/a><\/p>\n","protected":false},"author":26,"featured_media":66657,"comment_status":"closed","ping_status":"open","sticky":true,"template":"","format":"standard","meta":{"_price":"","_stock":"","_tribe_ticket_header":"","_tribe_default_ticket_provider":"","_tribe_ticket_capacity":"0","_ticket_start_date":"","_ticket_end_date":"","_tribe_ticket_show_description":"","_tribe_ticket_show_not_going":false,"_tribe_ticket_use_global_stock":"","_tribe_ticket_global_stock_level":"","_global_stock_mode":"","_global_stock_cap":"","_tribe_rsvp_for_event":"","_tribe_ticket_going_count":"","_tribe_ticket_not_going_count":"","_tribe_tickets_list":"[]","_tribe_ticket_has_attendee_info_fields":false,"footnotes":"","_links_to":"","_links_to_target":""},"categories":[580,310,320,399,309],"tags":[],"class_list":["post-66654","post","type-post","status-publish","format-standard","has-post-thumbnail","hentry","category-ano-2024","category-destaque-grande","category-home","category-institucional","category-ultimas-noticias","entry","has-media"],"_links":{"self":[{"href":"https:\/\/crarn.org.br\/index.php?rest_route=\/wp\/v2\/posts\/66654","targetHints":{"allow":["GET"]}}],"collection":[{"href":"https:\/\/crarn.org.br\/index.php?rest_route=\/wp\/v2\/posts"}],"about":[{"href":"https:\/\/crarn.org.br\/index.php?rest_route=\/wp\/v2\/types\/post"}],"author":[{"embeddable":true,"href":"https:\/\/crarn.org.br\/index.php?rest_route=\/wp\/v2\/users\/26"}],"replies":[{"embeddable":true,"href":"https:\/\/crarn.org.br\/index.php?rest_route=%2Fwp%2Fv2%2Fcomments&post=66654"}],"version-history":[{"count":4,"href":"https:\/\/crarn.org.br\/index.php?rest_route=\/wp\/v2\/posts\/66654\/revisions"}],"predecessor-version":[{"id":66663,"href":"https:\/\/crarn.org.br\/index.php?rest_route=\/wp\/v2\/posts\/66654\/revisions\/66663"}],"wp:featuredmedia":[{"embeddable":true,"href":"https:\/\/crarn.org.br\/index.php?rest_route=\/wp\/v2\/media\/66657"}],"wp:attachment":[{"href":"https:\/\/crarn.org.br\/index.php?rest_route=%2Fwp%2Fv2%2Fmedia&parent=66654"}],"wp:term":[{"taxonomy":"category","embeddable":true,"href":"https:\/\/crarn.org.br\/index.php?rest_route=%2Fwp%2Fv2%2Fcategories&post=66654"},{"taxonomy":"post_tag","embeddable":true,"href":"https:\/\/crarn.org.br\/index.php?rest_route=%2Fwp%2Fv2%2Ftags&post=66654"}],"curies":[{"name":"wp","href":"https:\/\/api.w.org\/{rel}","templated":true}]}}