{"id":66644,"date":"2024-03-05T13:31:17","date_gmt":"2024-03-05T16:31:17","guid":{"rendered":"https:\/\/crarn.org.br\/?p=66644"},"modified":"2024-03-05T13:31:21","modified_gmt":"2024-03-05T16:31:21","slug":"comissao-adm-mulher-do-cra-rn-faz-evento-no-dia-internacional-da-mulher","status":"publish","type":"post","link":"https:\/\/crarn.org.br\/?p=66644","title":{"rendered":"Comiss\u00e3o ADM Mulher do CRA-RN faz evento no Dia Internacional da Mulher"},"content":{"rendered":"\n<p>No dia 08 de mar\u00e7o, a Comiss\u00e3o Especial ADM Mulher, do CRA-RN vai comemorar o Dia Internacional da Mulher, com o lan\u00e7amento do Programa de Mentoria.<\/p>\n<p>Ser\u00e1 um momento de intera\u00e7\u00e3o, onde as participantes ter\u00e3o oportunidade de conhecer as a\u00e7\u00f5es da Comiss\u00e3o e de fortalecimento do networking atrav\u00e9s do contato com outras profissionais da \u00e1rea de Administra\u00e7\u00e3o.<\/p>\n<p>Participe!<\/p>\n<p>\u00a0<\/p>\n<p>Dia: 08\/03\/2024<\/p>\n<p>Hor\u00e1rio: 17h<\/p>\n<p>Local: sede do CRA-RN<\/p>\n<button class=\"simplefavorite-button\" data-postid=\"66644\" data-siteid=\"1\" data-groupid=\"1\" data-favoritecount=\"0\" style=\"\">Favorite <i class=\"sf-icon-star-empty\"><\/i><\/button>","protected":false},"excerpt":{"rendered":"<p>No dia 08 de mar\u00e7o, a Comiss\u00e3o Especial ADM Mulher, do CRA-RN vai comemorar o Dia Internacional da Mulher, com o lan\u00e7amento do Programa de Mentoria. Ser\u00e1 um momento de intera\u00e7\u00e3o, onde as participantes ter\u00e3o oportunidade de conhecer as a\u00e7\u00f5es da Comiss\u00e3o e de fortalecimento do networking atrav\u00e9s do contato com outras profissionais da \u00e1rea<a class=\"read-more\" href=\"https:\/\/crarn.org.br\/?p=66644\"> [&hellip;]<\/a><\/p>\n","protected":false},"author":26,"featured_media":66645,"comment_status":"closed","ping_status":"open","sticky":true,"template":"","format":"standard","meta":{"_price":"","_stock":"","_tribe_ticket_header":"","_tribe_default_ticket_provider":"","_tribe_ticket_capacity":"0","_ticket_start_date":"","_ticket_end_date":"","_tribe_ticket_show_description":"","_tribe_ticket_show_not_going":false,"_tribe_ticket_use_global_stock":"","_tribe_ticket_global_stock_level":"","_global_stock_mode":"","_global_stock_cap":"","_tribe_rsvp_for_event":"","_tribe_ticket_going_count":"","_tribe_ticket_not_going_count":"","_tribe_tickets_list":"[]","_tribe_ticket_has_attendee_info_fields":false,"footnotes":"","_links_to":"","_links_to_target":""},"categories":[580,310,320,399,309],"tags":[],"class_list":["post-66644","post","type-post","status-publish","format-standard","has-post-thumbnail","hentry","category-ano-2024","category-destaque-grande","category-home","category-institucional","category-ultimas-noticias","entry","has-media"],"_links":{"self":[{"href":"https:\/\/crarn.org.br\/index.php?rest_route=\/wp\/v2\/posts\/66644","targetHints":{"allow":["GET"]}}],"collection":[{"href":"https:\/\/crarn.org.br\/index.php?rest_route=\/wp\/v2\/posts"}],"about":[{"href":"https:\/\/crarn.org.br\/index.php?rest_route=\/wp\/v2\/types\/post"}],"author":[{"embeddable":true,"href":"https:\/\/crarn.org.br\/index.php?rest_route=\/wp\/v2\/users\/26"}],"replies":[{"embeddable":true,"href":"https:\/\/crarn.org.br\/index.php?rest_route=%2Fwp%2Fv2%2Fcomments&post=66644"}],"version-history":[{"count":1,"href":"https:\/\/crarn.org.br\/index.php?rest_route=\/wp\/v2\/posts\/66644\/revisions"}],"predecessor-version":[{"id":66646,"href":"https:\/\/crarn.org.br\/index.php?rest_route=\/wp\/v2\/posts\/66644\/revisions\/66646"}],"wp:featuredmedia":[{"embeddable":true,"href":"https:\/\/crarn.org.br\/index.php?rest_route=\/wp\/v2\/media\/66645"}],"wp:attachment":[{"href":"https:\/\/crarn.org.br\/index.php?rest_route=%2Fwp%2Fv2%2Fmedia&parent=66644"}],"wp:term":[{"taxonomy":"category","embeddable":true,"href":"https:\/\/crarn.org.br\/index.php?rest_route=%2Fwp%2Fv2%2Fcategories&post=66644"},{"taxonomy":"post_tag","embeddable":true,"href":"https:\/\/crarn.org.br\/index.php?rest_route=%2Fwp%2Fv2%2Ftags&post=66644"}],"curies":[{"name":"wp","href":"https:\/\/api.w.org\/{rel}","templated":true}]}}