{"id":66637,"date":"2024-02-29T14:11:21","date_gmt":"2024-02-29T17:11:21","guid":{"rendered":"https:\/\/crarn.org.br\/?p=66637"},"modified":"2024-02-29T14:12:34","modified_gmt":"2024-02-29T17:12:34","slug":"premio-cfa-belmiro-siqueira-2024-oferecera-mais-de-r-50-mil-em-premios","status":"publish","type":"post","link":"https:\/\/crarn.org.br\/?p=66637","title":{"rendered":"Pr\u00eamio CFA \u201cBelmiro Siqueira\u201d 2024 oferecer\u00e1 mais de R$ 50 mil em pr\u00eamios"},"content":{"rendered":"\n<p>Divulgar e promover a valoriza\u00e7\u00e3o da produ\u00e7\u00e3o cient\u00edfica realizada por Administradores, Profissionais e estudantes egressos de cursos conexos \u00e0 Administra\u00e7\u00e3o, que contribuam para o desenvolvimento da profiss\u00e3o e da ci\u00eancia da Administra\u00e7\u00e3o no Brasil \u00e9 o principal objetivo do Pr\u00eamio CFA \u201cBelmiro Siqueira\u201d de Administra\u00e7\u00e3o 2024. A premia\u00e7\u00e3o, batizada com o nome do patrono da profiss\u00e3o, \u00e9 uma iniciativa pioneira do Conselho Federal de Administra\u00e7\u00e3o (CFA).<\/p>\n<p>A cada edi\u00e7\u00e3o, o pr\u00eamio aborda um tema. O deste ano ser\u00e1 \u201cPerfil dos Profissionais de Administra\u00e7\u00e3o 2023\u201d. Segundo o diretor da C\u00e2mara de Forma\u00e7\u00e3o Profissional (CFP) do CFA, Adm. Gelson Uecker, a proposta \u00e9 estimular os profissionais de Administra\u00e7\u00e3o a conhecerem a pesquisa e, desta forma, divulgar o levantamento feito pelo CFA.<\/p>\n<blockquote>\n<p>\u201cA CFP v\u00ea como muito ben\u00e9fica essa uni\u00e3o de duas iniciativas importantes do Sistema CFA\/CRAs. Aqueles que ir\u00e3o concorrer nas categorias Artigo Acad\u00eamico ou Artigo Profissional poder\u00e3o absorver, ainda mais, tudo aquilo que foi pesquisado. Eles poder\u00e3o dar um outro olhar, uma outra percep\u00e7\u00e3o. Dessa maneira, n\u00f3s estamos valorizando a iniciativa e o estudo de cada um e valorizando esta importante pesquisa elaborada pelo Sistema e que d\u00e1 subs\u00eddio para a tomada de decis\u00e3o\u201d, explicou.<\/p>\n<\/blockquote>\n<p>Gelson conta que a Pesquisa, realizada em 2023, envolveu todo o universo dos profissionais de Administra\u00e7\u00e3o e buscou estudar os cen\u00e1rios atuais da Administra\u00e7\u00e3o, analisar as demandas do mercado de trabalho, prestar orienta\u00e7\u00f5es aos Profissionais de Administra\u00e7\u00e3o quanto \u00e0 identifica\u00e7\u00e3o de oportunidades de empregabilidade, por meio da prospec\u00e7\u00e3o de dados e da elabora\u00e7\u00e3o de diagn\u00f3sticos. Mais de 14 mil profissionais participaram do estudo: foram mais de 11 mil administradores, mais de 800 coordenadores de cursos de administra\u00e7\u00e3o e cursos conexos, mais de mil tecn\u00f3logos e mais de mil empres\u00e1rios e empregadores.<\/p>\n<blockquote>\n<p>\u201cPara voc\u00eas terem uma ideia, os resultados da pesquisa revelaram a atual identidade do Administrador, que est\u00e1 colocado como um formador, l\u00edder e motivador de trabalho em equipe\u201d, descreveu o diretor.<\/p>\n<\/blockquote>\n<p>O levantamento tamb\u00e9m mostrou que este profissional tem perfil articulador e coordenador das diversas \u00e1reas da organiza\u00e7\u00e3o. Al\u00e9m disso, os resultados da pesquisa revelam que o Administrador tem vis\u00e3o hol\u00edstica e sist\u00eamica.<\/p>\n<p>\u201cEsse \u00e9, sem d\u00favida, o grande diferencial do profissional de Administra\u00e7\u00e3o e, al\u00e9m disso, ele \u00e9 um estrategista, gerador de processos eficazes na utiliza\u00e7\u00e3o de recursos com foco em resultados\u201d, afirmou Uecker.<\/p>\n<p><b>Inscri\u00e7\u00f5es e categorias do Pr\u00eamio<\/b><\/p>\n<p>As inscri\u00e7\u00f5es para participar do Pr\u00eamio CFA \u201cBelmiro Siqueira\u201d de Administra\u00e7\u00e3o 2024 poder\u00e3o ser feitas at\u00e9 o dia 30 de agosto de 2024. Podem participar profissionais de administra\u00e7\u00e3o registrados em Conselhos Regionais de Administra\u00e7\u00e3o (CRAs) e estudantes.<\/p>\n<p>O Pr\u00eamio tem tr\u00eas modalidades. A categoria \u201cArtigo Acad\u00eamico\u201d \u00e9 restrita aos estudantes dos cursos de bacharelado em Administra\u00e7\u00e3o e de cursos superiores conexos \u00e0 administra\u00e7\u00e3o, considerados em Resolu\u00e7\u00f5es Normativas do CFA.<\/p>\n<p>Poder\u00e3o participar da modalidade \u201cArtigo Profissional\u201d os Administradores, Tecn\u00f3logos e egressos de cursos conexos \u00e0 Administra\u00e7\u00e3o. J\u00e1 a categoria \u201cLivro\u201d \u00e9 destinada para Administrador, Mestre em Administra\u00e7\u00e3o, Doutor em Administra\u00e7\u00e3o, Gestor e Tecn\u00f3logo, registrados e em dia com o CRA, que tenham publicado livros cujo tema seja pr\u00f3prio da Ci\u00eancia da Administra\u00e7\u00e3o.<\/p>\n<p>As inscri\u00e7\u00f5es ser\u00e3o requeridas mediante preenchimento de formul\u00e1rio disponibilizado em\u00a0<a href=\"https:\/\/sei.cfa.org.br\/sei\/belmiro.cfa.org.br\">belmiro.cfa.org.br<\/a>\u00a0ou no site do Conselho Federal de Administra\u00e7\u00e3o\u00a0<a href=\"https:\/\/sei.cfa.org.br\/sei\/www.cfa.org.br\">www.cfa.org.br<\/a>.<\/p>\n<p>A interface de gera\u00e7\u00e3o de tabelas, gr\u00e1ficos e de cruzamentos entre as quest\u00f5es da Pesquisa Nacional Perfil, Forma\u00e7\u00e3o, Atua\u00e7\u00e3o e Oportunidades de Trabalho dos Profissionais de Administra\u00e7\u00e3o (base para o desenvolvimento dos artigos concorrentes ao Pr\u00eamio CFA \u201cBelmiro Siqueira\u201d, se constitui em um servi\u00e7o disponibilizado para a sociedade, por meio do site do CFA :\u00a0<a href=\"https:\/\/cfa.org.br\/\">https:\/\/cfa.org.br\/<\/a>\u00a0<\/p>\n<p><strong>Premia\u00e7\u00e3o<\/strong><\/p>\n<p>Nesta edi\u00e7\u00e3o, o Pr\u00eamio oferecer\u00e1 mais de R$ 50 mil em pr\u00eamios. \u201cMais importante que a premia\u00e7\u00e3o financeira \u00e9, sem d\u00favida nenhuma, a valoriza\u00e7\u00e3o dos profissionais de Administra\u00e7\u00e3o que est\u00e3o voltados a promover e contribuir para o desenvolvimento da profiss\u00e3o\u201d, enfatizou Uecker.<\/p>\n<p>Mais informa\u00e7\u00f5es e inscri\u00e7\u00f5es est\u00e3o no edital dispon\u00edvel no site do CFA.<\/p>\n<p>\u00a0<\/p>\n<p>Ana Graciele Gon\u00e7alves<\/p>\n<p>Assessoria de Comunica\u00e7\u00e3o CFA<\/p>\n<button class=\"simplefavorite-button\" data-postid=\"66637\" data-siteid=\"1\" data-groupid=\"1\" data-favoritecount=\"0\" style=\"\">Favorite <i class=\"sf-icon-star-empty\"><\/i><\/button>","protected":false},"excerpt":{"rendered":"<p>Divulgar e promover a valoriza\u00e7\u00e3o da produ\u00e7\u00e3o cient\u00edfica realizada por Administradores, Profissionais e estudantes egressos de cursos conexos \u00e0 Administra\u00e7\u00e3o, que contribuam para o desenvolvimento da profiss\u00e3o e da ci\u00eancia da Administra\u00e7\u00e3o no Brasil \u00e9 o principal objetivo do Pr\u00eamio CFA \u201cBelmiro Siqueira\u201d de Administra\u00e7\u00e3o 2024. A premia\u00e7\u00e3o, batizada com o nome do patrono da<a class=\"read-more\" href=\"https:\/\/crarn.org.br\/?p=66637\"> [&hellip;]<\/a><\/p>\n","protected":false},"author":26,"featured_media":66638,"comment_status":"closed","ping_status":"open","sticky":true,"template":"","format":"standard","meta":{"_price":"","_stock":"","_tribe_ticket_header":"","_tribe_default_ticket_provider":"","_tribe_ticket_capacity":"0","_ticket_start_date":"","_ticket_end_date":"","_tribe_ticket_show_description":"","_tribe_ticket_show_not_going":false,"_tribe_ticket_use_global_stock":"","_tribe_ticket_global_stock_level":"","_global_stock_mode":"","_global_stock_cap":"","_tribe_rsvp_for_event":"","_tribe_ticket_going_count":"","_tribe_ticket_not_going_count":"","_tribe_tickets_list":"[]","_tribe_ticket_has_attendee_info_fields":false,"footnotes":"","_links_to":"","_links_to_target":""},"categories":[580,310,320,399,309],"tags":[],"class_list":["post-66637","post","type-post","status-publish","format-standard","has-post-thumbnail","hentry","category-ano-2024","category-destaque-grande","category-home","category-institucional","category-ultimas-noticias","entry","has-media"],"_links":{"self":[{"href":"https:\/\/crarn.org.br\/index.php?rest_route=\/wp\/v2\/posts\/66637","targetHints":{"allow":["GET"]}}],"collection":[{"href":"https:\/\/crarn.org.br\/index.php?rest_route=\/wp\/v2\/posts"}],"about":[{"href":"https:\/\/crarn.org.br\/index.php?rest_route=\/wp\/v2\/types\/post"}],"author":[{"embeddable":true,"href":"https:\/\/crarn.org.br\/index.php?rest_route=\/wp\/v2\/users\/26"}],"replies":[{"embeddable":true,"href":"https:\/\/crarn.org.br\/index.php?rest_route=%2Fwp%2Fv2%2Fcomments&post=66637"}],"version-history":[{"count":1,"href":"https:\/\/crarn.org.br\/index.php?rest_route=\/wp\/v2\/posts\/66637\/revisions"}],"predecessor-version":[{"id":66639,"href":"https:\/\/crarn.org.br\/index.php?rest_route=\/wp\/v2\/posts\/66637\/revisions\/66639"}],"wp:featuredmedia":[{"embeddable":true,"href":"https:\/\/crarn.org.br\/index.php?rest_route=\/wp\/v2\/media\/66638"}],"wp:attachment":[{"href":"https:\/\/crarn.org.br\/index.php?rest_route=%2Fwp%2Fv2%2Fmedia&parent=66637"}],"wp:term":[{"taxonomy":"category","embeddable":true,"href":"https:\/\/crarn.org.br\/index.php?rest_route=%2Fwp%2Fv2%2Fcategories&post=66637"},{"taxonomy":"post_tag","embeddable":true,"href":"https:\/\/crarn.org.br\/index.php?rest_route=%2Fwp%2Fv2%2Ftags&post=66637"}],"curies":[{"name":"wp","href":"https:\/\/api.w.org\/{rel}","templated":true}]}}