{"id":66631,"date":"2024-02-28T14:33:05","date_gmt":"2024-02-28T17:33:05","guid":{"rendered":"https:\/\/crarn.org.br\/?p=66631"},"modified":"2024-02-28T14:34:10","modified_gmt":"2024-02-28T17:34:10","slug":"administracao-de-condominios-um-desafio-para-profissionais","status":"publish","type":"post","link":"https:\/\/crarn.org.br\/?p=66631","title":{"rendered":"Administra\u00e7\u00e3o de Condom\u00ednios: um desafio para profissionais"},"content":{"rendered":"\n<h2><em>A import\u00e2ncia de uma gest\u00e3o profissional para os condom\u00ednios<\/em><\/h2>\n<p>\u00a0<\/p>\n<p>Da mesma forma que administrar uma empresa, administrar um condom\u00ednio tamb\u00e9m exige o conhecimento profissional e o preparo para enfrentar todos os desafios que esta \u00e1rea da Administra\u00e7\u00e3o apresenta.<\/p>\n<p>Administradoras de condom\u00ednios s\u00e3o empresas especializadas em administra\u00e7\u00e3o condominial que d\u00e3o suporte ao s\u00edndico no seu dia a dia nas \u00e1reas administrativas, financeira, fiscal e operacional. De acordo com a Lei N\u00ba 4.769\/65, que regula a profiss\u00e3o de Administrador, esta \u00e1rea constitui atividade t\u00edpica de Administra\u00e7\u00e3o e, apenas o profissional ou empresa regularmente inscritos no CRA, podem exerc\u00ea-la.<\/p>\n<p>O administrador Andr\u00e9 Falcone \u00e9 um destes profissionais. \u00c0 frente da AF Administra\u00e7\u00e3o de Condom\u00ednios \u2013 h\u00e1 20 anos no mercado \u2013 ele considera essencial a presen\u00e7a de um profissional registrado na gest\u00e3o da empresa e com papel decisivo na condu\u00e7\u00e3o de todos os processos.<\/p>\n<blockquote>\n<p><em>\u201c\u00c9 de vital import\u00e2ncia a gente ter um profissional de Administra\u00e7\u00e3o porque, s\u00f3 assim, a gente consegue aplicar o que \u00e9 necess\u00e1rio e desenvolver a empresa\u201d, afirmou.<\/em><\/p>\n<\/blockquote>\n<p>\u00a0<\/p>\n<p><strong>O in\u00edcio<\/strong><\/p>\n<p>A carreira de Andr\u00e9 foi despertada para a administra\u00e7\u00e3o de condom\u00ednios pouco tempo depois de formado, em 2003, quando foi levado a assumir o condom\u00ednio do pr\u00e9dio em que morava.<\/p>\n<p><em>\u201cDesde ent\u00e3o, eu gostei do que estava fazendo, consegui aplicar na pr\u00e1tica, o que aprendi na faculdade de Administra\u00e7\u00e3o e me entusiasmei. Hoje, costumo dizer que, apesar de estar no mercado h\u00e1 20 anos, ainda tenho o empenho e a disposi\u00e7\u00e3o de um jovem iniciante\u201d, destacou.<\/em><\/p>\n<p>\u00a0<\/p>\n<p><strong>O mercado<\/strong><\/p>\n<p>Segundo Andr\u00e9, Natal tem cerca de tr\u00eas mil condom\u00ednios e, apesar da grande concorr\u00eancia, tem mercado para todos. A sua empresa j\u00e1 atua em Natal, Parnamirim, Maca\u00edba, Pipa, Caic\u00f3, Currais Novos e algumas praias.<\/p>\n<p><\/p>\n<p>Questionado sobre as dificuldades de empreender nesta \u00e1rea, explicou que os desafios s\u00e3o constantes.<\/p>\n<blockquote>\n<p><em>\u201cO desafio \u00e9 se manter firme no prop\u00f3sito, trabalhando de forma \u00e9tica e honesta, combater a inadimpl\u00eancia e os fornecedores e prestadores que n\u00e3o trabalham honestamente neste mercado. Mas quando a gente trabalha com o que gosta, as barreiras v\u00e3o sendo vencidas\u201d, argumentou.<\/em><\/p>\n<\/blockquote>\n<p>\u00a0<\/p>\n<p><strong>Empreender<\/strong><\/p>\n<p>Para quem pretende empreender nesta \u00e1rea, Andr\u00e9 destaca que \u00e9 uma atividade de muito crescimento, oferece um vasto leque de oportunidades, onde pode abranger uma s\u00e9rie de itens. A \u00e1rea condominial hoje tem um grande potencial e, para as administradoras tamb\u00e9m, j\u00e1 que com o novo Plano Diretor, Natal voltou a construir, assim como as cidades pr\u00f3ximas.<\/p>\n<p><em>\u201cHoje, empreender na administra\u00e7\u00e3o de condom\u00ednios \u00e9 muito bom, mas \u00e9 preciso ter um conhecimento bem amplo, sobre Normas T\u00e9cnicas, impostos etc., porque a legisla\u00e7\u00e3o voltou-se muito para essa \u00e1rea. Quando eu comecei era bem mais simples\u201d, alertou.<\/em><\/p>\n<p>De fato, exercer a atividade de forma eficiente e profissional, \u00e9 de grande import\u00e2ncia para ter melhores resultados e proporcionar o bem estar de todos os clientes.<\/p>\n<blockquote>\n<p><em>\u201cUma das coisas que eu costumo dizer \u00e9 que administrar \u00e9 uma arte e administrar condom\u00ednios \u00e9 uma arte maior ainda, porque a gente lida com processos, procedimentos, planejamentos e pessoas. Enfim, \u00e9 uma \u00e1rea fant\u00e1stica, onde a gente consegue reunir uma s\u00e9rie de situa\u00e7\u00f5es, dentro de uma mesma atividade\u201d, concluiu.<\/em><\/p>\n<\/blockquote>\n<p>\u00a0<\/p>\n<p>\u00a0<\/p>\n<p>\u00a0<\/p>\n<button class=\"simplefavorite-button\" data-postid=\"66631\" data-siteid=\"1\" data-groupid=\"1\" data-favoritecount=\"0\" style=\"\">Favorite <i class=\"sf-icon-star-empty\"><\/i><\/button>","protected":false},"excerpt":{"rendered":"<p>Favorite<\/p>\n","protected":false},"author":26,"featured_media":66632,"comment_status":"closed","ping_status":"open","sticky":true,"template":"","format":"standard","meta":{"_price":"","_stock":"","_tribe_ticket_header":"","_tribe_default_ticket_provider":"","_tribe_ticket_capacity":"0","_ticket_start_date":"","_ticket_end_date":"","_tribe_ticket_show_description":"","_tribe_ticket_show_not_going":false,"_tribe_ticket_use_global_stock":"","_tribe_ticket_global_stock_level":"","_global_stock_mode":"","_global_stock_cap":"","_tribe_rsvp_for_event":"","_tribe_ticket_going_count":"","_tribe_ticket_not_going_count":"","_tribe_tickets_list":"[]","_tribe_ticket_has_attendee_info_fields":false,"footnotes":"","_links_to":"","_links_to_target":""},"categories":[580,310,320,399,309],"tags":[],"class_list":["post-66631","post","type-post","status-publish","format-standard","has-post-thumbnail","hentry","category-ano-2024","category-destaque-grande","category-home","category-institucional","category-ultimas-noticias","entry","has-media"],"_links":{"self":[{"href":"https:\/\/crarn.org.br\/index.php?rest_route=\/wp\/v2\/posts\/66631","targetHints":{"allow":["GET"]}}],"collection":[{"href":"https:\/\/crarn.org.br\/index.php?rest_route=\/wp\/v2\/posts"}],"about":[{"href":"https:\/\/crarn.org.br\/index.php?rest_route=\/wp\/v2\/types\/post"}],"author":[{"embeddable":true,"href":"https:\/\/crarn.org.br\/index.php?rest_route=\/wp\/v2\/users\/26"}],"replies":[{"embeddable":true,"href":"https:\/\/crarn.org.br\/index.php?rest_route=%2Fwp%2Fv2%2Fcomments&post=66631"}],"version-history":[{"count":3,"href":"https:\/\/crarn.org.br\/index.php?rest_route=\/wp\/v2\/posts\/66631\/revisions"}],"predecessor-version":[{"id":66636,"href":"https:\/\/crarn.org.br\/index.php?rest_route=\/wp\/v2\/posts\/66631\/revisions\/66636"}],"wp:featuredmedia":[{"embeddable":true,"href":"https:\/\/crarn.org.br\/index.php?rest_route=\/wp\/v2\/media\/66632"}],"wp:attachment":[{"href":"https:\/\/crarn.org.br\/index.php?rest_route=%2Fwp%2Fv2%2Fmedia&parent=66631"}],"wp:term":[{"taxonomy":"category","embeddable":true,"href":"https:\/\/crarn.org.br\/index.php?rest_route=%2Fwp%2Fv2%2Fcategories&post=66631"},{"taxonomy":"post_tag","embeddable":true,"href":"https:\/\/crarn.org.br\/index.php?rest_route=%2Fwp%2Fv2%2Ftags&post=66631"}],"curies":[{"name":"wp","href":"https:\/\/api.w.org\/{rel}","templated":true}]}}