{"id":66588,"date":"2024-02-20T14:52:32","date_gmt":"2024-02-20T17:52:32","guid":{"rendered":"https:\/\/crarn.org.br\/?p=66588"},"modified":"2024-02-20T14:52:36","modified_gmt":"2024-02-20T17:52:36","slug":"cra-rn-na-tcm","status":"publish","type":"post","link":"https:\/\/crarn.org.br\/?p=66588","title":{"rendered":"CRA-RN na TCM"},"content":{"rendered":"\n\n\n<p>Na manh\u00e3 desta ter\u00e7a-feira (20\/02), o presidente do CRA-RN, Adm. Fl\u00e1vio Em\u00edlio Cavalcanti, esteve na TCM Mossor\u00f3 onde participou de entrevista no Programa Manh\u00e3 TCM com a apresentadora Danny Silveira.<\/p>\n<p>Durante a entrevista, juntamente com a coordenadora do curso de Administra\u00e7\u00e3o da Faculdade Cat\u00f3lica do RN, Adm. Wendy Bezerra, o presidente falou sobre a palestra &#8220;Empreendedorismo Jovem&#8221; que far\u00e1 na noite de hoje, durante a Aula Magna da institui\u00e7\u00e3o, com a participa\u00e7\u00e3o do vice-presidente do CRA-RN, Adm. Cl\u00e1udio Henrique Menezes.<\/p>\n<button class=\"simplefavorite-button\" data-postid=\"66588\" data-siteid=\"1\" data-groupid=\"1\" data-favoritecount=\"0\" style=\"\">Favorite <i class=\"sf-icon-star-empty\"><\/i><\/button>","protected":false},"excerpt":{"rendered":"<p>Na manh\u00e3 desta ter\u00e7a-feira (20\/02), o presidente do CRA-RN, Adm. Fl\u00e1vio Em\u00edlio Cavalcanti, esteve na TCM Mossor\u00f3 onde participou de entrevista no Programa Manh\u00e3 TCM com a apresentadora Danny Silveira. Durante a entrevista, juntamente com a coordenadora do curso de Administra\u00e7\u00e3o da Faculdade Cat\u00f3lica do RN, Adm. Wendy Bezerra, o presidente falou sobre a palestra<a class=\"read-more\" href=\"https:\/\/crarn.org.br\/?p=66588\"> [&hellip;]<\/a><\/p>\n","protected":false},"author":26,"featured_media":66589,"comment_status":"closed","ping_status":"open","sticky":true,"template":"","format":"standard","meta":{"_price":"","_stock":"","_tribe_ticket_header":"","_tribe_default_ticket_provider":"","_tribe_ticket_capacity":"0","_ticket_start_date":"","_ticket_end_date":"","_tribe_ticket_show_description":"","_tribe_ticket_show_not_going":false,"_tribe_ticket_use_global_stock":"","_tribe_ticket_global_stock_level":"","_global_stock_mode":"","_global_stock_cap":"","_tribe_rsvp_for_event":"","_tribe_ticket_going_count":"","_tribe_ticket_not_going_count":"","_tribe_tickets_list":"[]","_tribe_ticket_has_attendee_info_fields":false,"footnotes":"","_links_to":"","_links_to_target":""},"categories":[580,310,320,399,309],"tags":[],"class_list":["post-66588","post","type-post","status-publish","format-standard","has-post-thumbnail","hentry","category-ano-2024","category-destaque-grande","category-home","category-institucional","category-ultimas-noticias","entry","has-media"],"_links":{"self":[{"href":"https:\/\/crarn.org.br\/index.php?rest_route=\/wp\/v2\/posts\/66588","targetHints":{"allow":["GET"]}}],"collection":[{"href":"https:\/\/crarn.org.br\/index.php?rest_route=\/wp\/v2\/posts"}],"about":[{"href":"https:\/\/crarn.org.br\/index.php?rest_route=\/wp\/v2\/types\/post"}],"author":[{"embeddable":true,"href":"https:\/\/crarn.org.br\/index.php?rest_route=\/wp\/v2\/users\/26"}],"replies":[{"embeddable":true,"href":"https:\/\/crarn.org.br\/index.php?rest_route=%2Fwp%2Fv2%2Fcomments&post=66588"}],"version-history":[{"count":1,"href":"https:\/\/crarn.org.br\/index.php?rest_route=\/wp\/v2\/posts\/66588\/revisions"}],"predecessor-version":[{"id":66590,"href":"https:\/\/crarn.org.br\/index.php?rest_route=\/wp\/v2\/posts\/66588\/revisions\/66590"}],"wp:featuredmedia":[{"embeddable":true,"href":"https:\/\/crarn.org.br\/index.php?rest_route=\/wp\/v2\/media\/66589"}],"wp:attachment":[{"href":"https:\/\/crarn.org.br\/index.php?rest_route=%2Fwp%2Fv2%2Fmedia&parent=66588"}],"wp:term":[{"taxonomy":"category","embeddable":true,"href":"https:\/\/crarn.org.br\/index.php?rest_route=%2Fwp%2Fv2%2Fcategories&post=66588"},{"taxonomy":"post_tag","embeddable":true,"href":"https:\/\/crarn.org.br\/index.php?rest_route=%2Fwp%2Fv2%2Ftags&post=66588"}],"curies":[{"name":"wp","href":"https:\/\/api.w.org\/{rel}","templated":true}]}}