{"id":66581,"date":"2024-02-19T11:44:28","date_gmt":"2024-02-19T14:44:28","guid":{"rendered":"https:\/\/crarn.org.br\/?p=66581"},"modified":"2024-02-19T12:05:22","modified_gmt":"2024-02-19T15:05:22","slug":"cra-rn-realiza-plenaria-de-fevereiro","status":"publish","type":"post","link":"https:\/\/crarn.org.br\/?p=66581","title":{"rendered":"CRA-RN realiza plen\u00e1ria de fevereiro"},"content":{"rendered":"\n<p>Os conselheiros do CRA-RN iniciaram a semana com a reuni\u00e3o plen\u00e1ria de fevereiro, onde definiram v\u00e1rios pontos de a\u00e7\u00e3o do regional e assuntos de interesse dos profissionais registrados.<\/p>\n<p>O presidente, Adm. Fl\u00e1vio Em\u00edlio Cavalcanti, iniciou a plen\u00e1ria com o relato sobre a sua participa\u00e7\u00e3o e do vice-presidente, Adm. Cl\u00e1udio Menezes, no 1\u00ba F\u00f3rum de Presidentes 2024, realizado em Bras\u00edlia, no in\u00edcio do m\u00eas.<\/p>\n<p>Em seguida, o presidente deu sequ\u00eancia \u00e0 pauta que tratou sobre o Proder 2023 e 2024; Clube de Vantagens; comiss\u00f5es; comunica\u00e7\u00e3o; utiliza\u00e7\u00e3o da ferramenta Infoconv \u2013 SERPRO; Execu\u00e7\u00e3o Fiscal; Projeto de Desenvolvimento ADM na Pr\u00e1tica, al\u00e9m dos informes administrativos financeiros, como Receita e Despesa; D\u00edvida Ativa; aprova\u00e7\u00e3o dos balancetes de janeiro\/24 e posi\u00e7\u00e3o de Pf e PJ.<\/p>\n<p>Participaram da reuni\u00e3o, al\u00e9m do presidente, Adm. Fl\u00e1vio Em\u00edlio, o vice-presidente, Adm. Cl\u00e1udio Henrique Bessa; o conselheiro federal pelo RN, Adm. J\u00falio Rezende; a diretora de Fiscaliza\u00e7\u00e3o, Adm. Kate Maciel; diretora Administrativa e Financeira, Adm. C\u00e9lia Ribeiro; diretora de Forma\u00e7\u00e3o Profissional, Adm. Val\u00e9ria Ara\u00fajo; a conselheira Adm. Alice Dantas e os conselheiros, Adm. Alysson Ara\u00fajo; Adm. Di\u00eago Dantas e Adm. Rodrigo Fortunato.<\/p>\n<p>\u00a0<\/p>\n<p>\u00a0<\/p>\n<p>\u00a0<\/p>\n<p>\u00a0<\/p>\n<button class=\"simplefavorite-button\" data-postid=\"66581\" data-siteid=\"1\" data-groupid=\"1\" data-favoritecount=\"0\" style=\"\">Favorite <i class=\"sf-icon-star-empty\"><\/i><\/button>","protected":false},"excerpt":{"rendered":"<p>Os conselheiros do CRA-RN iniciaram a semana com a reuni\u00e3o plen\u00e1ria de fevereiro, onde definiram v\u00e1rios pontos de a\u00e7\u00e3o do regional e assuntos de interesse dos profissionais registrados. O presidente, Adm. Fl\u00e1vio Em\u00edlio Cavalcanti, iniciou a plen\u00e1ria com o relato sobre a sua participa\u00e7\u00e3o e do vice-presidente, Adm. Cl\u00e1udio Menezes, no 1\u00ba F\u00f3rum de Presidentes<a class=\"read-more\" href=\"https:\/\/crarn.org.br\/?p=66581\"> [&hellip;]<\/a><\/p>\n","protected":false},"author":26,"featured_media":66586,"comment_status":"closed","ping_status":"open","sticky":true,"template":"","format":"standard","meta":{"_price":"","_stock":"","_tribe_ticket_header":"","_tribe_default_ticket_provider":"","_tribe_ticket_capacity":"0","_ticket_start_date":"","_ticket_end_date":"","_tribe_ticket_show_description":"","_tribe_ticket_show_not_going":false,"_tribe_ticket_use_global_stock":"","_tribe_ticket_global_stock_level":"","_global_stock_mode":"","_global_stock_cap":"","_tribe_rsvp_for_event":"","_tribe_ticket_going_count":"","_tribe_ticket_not_going_count":"","_tribe_tickets_list":"[]","_tribe_ticket_has_attendee_info_fields":false,"footnotes":"","_links_to":"","_links_to_target":""},"categories":[580,310,320,399,309],"tags":[],"class_list":["post-66581","post","type-post","status-publish","format-standard","has-post-thumbnail","hentry","category-ano-2024","category-destaque-grande","category-home","category-institucional","category-ultimas-noticias","entry","has-media"],"_links":{"self":[{"href":"https:\/\/crarn.org.br\/index.php?rest_route=\/wp\/v2\/posts\/66581","targetHints":{"allow":["GET"]}}],"collection":[{"href":"https:\/\/crarn.org.br\/index.php?rest_route=\/wp\/v2\/posts"}],"about":[{"href":"https:\/\/crarn.org.br\/index.php?rest_route=\/wp\/v2\/types\/post"}],"author":[{"embeddable":true,"href":"https:\/\/crarn.org.br\/index.php?rest_route=\/wp\/v2\/users\/26"}],"replies":[{"embeddable":true,"href":"https:\/\/crarn.org.br\/index.php?rest_route=%2Fwp%2Fv2%2Fcomments&post=66581"}],"version-history":[{"count":2,"href":"https:\/\/crarn.org.br\/index.php?rest_route=\/wp\/v2\/posts\/66581\/revisions"}],"predecessor-version":[{"id":66585,"href":"https:\/\/crarn.org.br\/index.php?rest_route=\/wp\/v2\/posts\/66581\/revisions\/66585"}],"wp:featuredmedia":[{"embeddable":true,"href":"https:\/\/crarn.org.br\/index.php?rest_route=\/wp\/v2\/media\/66586"}],"wp:attachment":[{"href":"https:\/\/crarn.org.br\/index.php?rest_route=%2Fwp%2Fv2%2Fmedia&parent=66581"}],"wp:term":[{"taxonomy":"category","embeddable":true,"href":"https:\/\/crarn.org.br\/index.php?rest_route=%2Fwp%2Fv2%2Fcategories&post=66581"},{"taxonomy":"post_tag","embeddable":true,"href":"https:\/\/crarn.org.br\/index.php?rest_route=%2Fwp%2Fv2%2Ftags&post=66581"}],"curies":[{"name":"wp","href":"https:\/\/api.w.org\/{rel}","templated":true}]}}