{"id":66570,"date":"2024-02-19T09:09:55","date_gmt":"2024-02-19T12:09:55","guid":{"rendered":"https:\/\/crarn.org.br\/?p=66570"},"modified":"2024-02-19T09:09:58","modified_gmt":"2024-02-19T12:09:58","slug":"eleicoes-do-sistema-cfa-cras-participe-e-contribua-para-o-fortalecimento-da-profissao","status":"publish","type":"post","link":"https:\/\/crarn.org.br\/?p=66570","title":{"rendered":"Elei\u00e7\u00f5es do Sistema CFA\/CRAs: participe e contribua para o fortalecimento da profiss\u00e3o"},"content":{"rendered":"\n<p>Em 2024, os profissionais de Administra\u00e7\u00e3o de todo o pa\u00eds ter\u00e3o um compromisso imperd\u00edvel: as elei\u00e7\u00f5es do Sistema CFA\/CRAs. O pleito deste ano renovar\u00e1 1\/3 dos conselheiros federais e regionais e, mais uma vez, ser\u00e1 realizado exclusivamente pela internet.<\/p>\n<p>A Comiss\u00e3o Permanente Eleitoral do Conselho Federal de Administra\u00e7\u00e3o (CPE\/CFA) trabalha desde o ano passado para garantir total transpar\u00eancia no processo eleitoral. Uma das primeiras miss\u00f5es foi elaborar e aprovar, junto ao plen\u00e1rio do CFA, a Resolu\u00e7\u00e3o Normativa CFA n\u00ba 633, de 24 de outubro de 2023, que aprova o regulamento das elei\u00e7\u00f5es do Sistema CFA\/CRAs.<\/p>\n<p>Para o coordenador da Comiss\u00e3o, Adm. Mauro Leonidas, o processo eleitoral \u00e9 uma grande oportunidade para os profissionais de Administra\u00e7\u00e3o de todo o pa\u00eds.<\/p>\n<blockquote>\n<p>\u201cCom a responsabilidade de eleger os representantes que conduzir\u00e3o as pol\u00edticas e diretrizes da profiss\u00e3o nos pr\u00f3ximos anos, os profissionais da Administra\u00e7\u00e3o t\u00eam a oportunidade de influenciar diretamente o rumo da categoria e fortalecer sua atua\u00e7\u00e3o em diversos setores da sociedade\u201d, explica.<\/p>\n<\/blockquote>\n<p>Al\u00e9m de Mauro, a CPE\/CFA tamb\u00e9m \u00e9 composta pela conselheira federal, Adm\u00aa Norma Sueli Costa de Andrade (vice-coordenadora), e pelo conselheiro federal, Adm. Gelson Luiz Uecker. Eles contam, ainda, com apoio dos seguintes colaboradores do CFA: Adm\u00aa Juliana dos Reis Cardoso, Marcos Ant\u00f4nio Susin e da Adv. Rosilane Silva Resende.\u00a0<\/p>\n<p>De acordo com o regulamento das elei\u00e7\u00f5es,\u00a0podem votar os profissionais de Administra\u00e7\u00e3o registrados e que estiverem adimplentes, em pleno gozo de seus direitos e integrando o Col\u00e9gio Eleitoral constitu\u00eddo at\u00e9 o dia definido no Calend\u00e1rio Eleitoral. E podem se candidatar os profissionais de Administra\u00e7\u00e3o \u2013 administradores e tecn\u00f3logos \u2013 com dois anos, no m\u00ednimo, de registro profissional em CRA.<\/p>\n<p>As candidaturas ser\u00e3o apresentadas sob a forma de chapas, com a indica\u00e7\u00e3o dos candidatos efetivos e respectivos suplentes, obedecido o quantitativo de vagas a preencher. A chapa dever\u00e1 ser composta, preferencialmente, por 50% de mulheres. \u201cEsta \u00e9 uma forma de incentivar uma maior participa\u00e7\u00e3o feminina nas elei\u00e7\u00f5es do Sistema CFA\/CRAs\u201d, disse Mauro.<\/p>\n<p>O coordenador da CPE\/CFA destaca, ainda, que as elei\u00e7\u00f5es n\u00e3o se limitam apenas \u00e0 escolha de conselheiros federais e regionais, mas tamb\u00e9m representam uma oportunidade para os profissionais de Administra\u00e7\u00e3o se engajarem ativamente na constru\u00e7\u00e3o de uma profiss\u00e3o mais s\u00f3lida e reconhecida.<\/p>\n<p>\u201cPor meio do voto consciente e participativo, os profissionais podem contribuir para a constru\u00e7\u00e3o de um ambiente profissional mais justo, inclusivo e din\u00e2mico, capaz de enfrentar os desafios e oportunidades do mundo contempor\u00e2neo.\u201d, defendeu.<\/p>\n<p>Mauro, que tamb\u00e9m \u00e9 diretor de Comunica\u00e7\u00e3o e Marketing do CFA, refor\u00e7a a import\u00e2ncia da participa\u00e7\u00e3o de todos os profissionais de Administra\u00e7\u00e3o no processo eleitoral do Sistema CFA\/CRAs.<\/p>\n<blockquote>\n<p>\u201cA participa\u00e7\u00e3o n\u00e3o \u00e9 s\u00f3 um dever de todos os profissionais registrados e adimplentes. \u00c9, acima de tudo, um direito democr\u00e1tico de escolher quem vai conduzir o seu Conselho pelos pr\u00f3ximos anos. Portanto, \u00e9 fundamental que todos exer\u00e7am esse direito de forma consciente e respons\u00e1vel, escolhendo os representantes que melhor representem seus interesses e aspira\u00e7\u00f5es. Somente assim ser\u00e1 poss\u00edvel fortalecer o Sistema CFA\/CRAs e consolidar a profiss\u00e3o de administrador como um pilar essencial para o desenvolvimento econ\u00f4mico e social do pa\u00eds.\u201d, declarou o diretor do CFA.<\/p>\n<\/blockquote>\n<p>Para finalizar, Mauro lembra que, para votar, os profissionais de Administra\u00e7\u00e3o precisam manter os dados atualizados para que o Regional forme o col\u00e9gio eleitoral. \u201c\u00c9 por meio desse cadastro que o CFA envia, por e-mail ou SMS, as orienta\u00e7\u00f5es sobre as elei\u00e7\u00f5es. Para atualizar os dados, os profissionais de administra\u00e7\u00e3o precisam entrar em contato com o CRA onde est\u00e3o registrador\u201d, completou.<\/p>\n<p><a href=\"https:\/\/cfa.org.br\/wp-content\/uploads\/2024\/02\/RN23633.pdf\">Clique aqui\u00a0<\/a>e acesse a RN CFA n\u00ba 633 na \u00edntegra.<\/p>\n<p>Ana Graciele Gon\u00e7alves<\/p>\n<p>\u00a0<\/p>\n<p>Fonte : www.cfa.org.br<\/p>\n<button class=\"simplefavorite-button\" data-postid=\"66570\" data-siteid=\"1\" data-groupid=\"1\" data-favoritecount=\"0\" style=\"\">Favorite <i class=\"sf-icon-star-empty\"><\/i><\/button>","protected":false},"excerpt":{"rendered":"<p>Em 2024, os profissionais de Administra\u00e7\u00e3o de todo o pa\u00eds ter\u00e3o um compromisso imperd\u00edvel: as elei\u00e7\u00f5es do Sistema CFA\/CRAs. O pleito deste ano renovar\u00e1 1\/3 dos conselheiros federais e regionais e, mais uma vez, ser\u00e1 realizado exclusivamente pela internet. A Comiss\u00e3o Permanente Eleitoral do Conselho Federal de Administra\u00e7\u00e3o (CPE\/CFA) trabalha desde o ano passado para<a class=\"read-more\" href=\"https:\/\/crarn.org.br\/?p=66570\"> [&hellip;]<\/a><\/p>\n","protected":false},"author":26,"featured_media":66571,"comment_status":"closed","ping_status":"open","sticky":false,"template":"","format":"standard","meta":{"_price":"","_stock":"","_tribe_ticket_header":"","_tribe_default_ticket_provider":"","_tribe_ticket_capacity":"0","_ticket_start_date":"","_ticket_end_date":"","_tribe_ticket_show_description":"","_tribe_ticket_show_not_going":false,"_tribe_ticket_use_global_stock":"","_tribe_ticket_global_stock_level":"","_global_stock_mode":"","_global_stock_cap":"","_tribe_rsvp_for_event":"","_tribe_ticket_going_count":"","_tribe_ticket_not_going_count":"","_tribe_tickets_list":"[]","_tribe_ticket_has_attendee_info_fields":false,"footnotes":"","_links_to":"","_links_to_target":""},"categories":[580,310,400,399,309],"tags":[],"class_list":["post-66570","post","type-post","status-publish","format-standard","has-post-thumbnail","hentry","category-ano-2024","category-destaque-grande","category-eleicoes-do-sistema-cfa-cras","category-institucional","category-ultimas-noticias","entry","has-media"],"_links":{"self":[{"href":"https:\/\/crarn.org.br\/index.php?rest_route=\/wp\/v2\/posts\/66570","targetHints":{"allow":["GET"]}}],"collection":[{"href":"https:\/\/crarn.org.br\/index.php?rest_route=\/wp\/v2\/posts"}],"about":[{"href":"https:\/\/crarn.org.br\/index.php?rest_route=\/wp\/v2\/types\/post"}],"author":[{"embeddable":true,"href":"https:\/\/crarn.org.br\/index.php?rest_route=\/wp\/v2\/users\/26"}],"replies":[{"embeddable":true,"href":"https:\/\/crarn.org.br\/index.php?rest_route=%2Fwp%2Fv2%2Fcomments&post=66570"}],"version-history":[{"count":1,"href":"https:\/\/crarn.org.br\/index.php?rest_route=\/wp\/v2\/posts\/66570\/revisions"}],"predecessor-version":[{"id":66572,"href":"https:\/\/crarn.org.br\/index.php?rest_route=\/wp\/v2\/posts\/66570\/revisions\/66572"}],"wp:featuredmedia":[{"embeddable":true,"href":"https:\/\/crarn.org.br\/index.php?rest_route=\/wp\/v2\/media\/66571"}],"wp:attachment":[{"href":"https:\/\/crarn.org.br\/index.php?rest_route=%2Fwp%2Fv2%2Fmedia&parent=66570"}],"wp:term":[{"taxonomy":"category","embeddable":true,"href":"https:\/\/crarn.org.br\/index.php?rest_route=%2Fwp%2Fv2%2Fcategories&post=66570"},{"taxonomy":"post_tag","embeddable":true,"href":"https:\/\/crarn.org.br\/index.php?rest_route=%2Fwp%2Fv2%2Ftags&post=66570"}],"curies":[{"name":"wp","href":"https:\/\/api.w.org\/{rel}","templated":true}]}}