{"id":66554,"date":"2024-02-16T15:36:51","date_gmt":"2024-02-16T18:36:51","guid":{"rendered":"https:\/\/crarn.org.br\/?p=66554"},"modified":"2024-02-16T15:36:54","modified_gmt":"2024-02-16T18:36:54","slug":"aproveite-esta-grande-oportunidade-de-ter-uma-mentoria-gratuita","status":"publish","type":"post","link":"https:\/\/crarn.org.br\/?p=66554","title":{"rendered":"Aproveite esta grande oportunidade de ter uma mentoria gratuita"},"content":{"rendered":"\n<p>J\u00e1 est\u00e3o abertas, as inscri\u00e7\u00f5es para o Programa de Mentoria da Comiss\u00e3o ADM Mulher do CRA-RN.<\/p>\n<p>Os interessados podem se inscrever, at\u00e9 o dia 21\/02\/24, pelo formul\u00e1rio dispon\u00edvel no linktree da Bio do Instagram @cra_rnoficial ou pelo link  .<\/p>\n<p>As mentorias s\u00e3o gratuitas e contemplam as \u00e1reas de gest\u00e3o de carreiras, planejamento estrat\u00e9gico e gest\u00e3o financeira e administrativa.<\/p>\n<p>Ser\u00e3o disponibilizadas 15 vagas destinadas aos profissionais registrados no CRA\/RN.<\/p>\n<p>A sele\u00e7\u00e3o ser\u00e1 conduzida por uma comiss\u00e3o avaliadora composta por membros da ADM Mulher e tem como requisitos para a participa\u00e7\u00e3o, o envio do curr\u00edculo; entrevista e comprometimento em participar ativamente de 05 sess\u00f5es do programa.<\/p>\n<p>Garanta logo a sua vaga!!<\/p>\n<button class=\"simplefavorite-button\" data-postid=\"66554\" data-siteid=\"1\" data-groupid=\"1\" data-favoritecount=\"0\" style=\"\">Favorite <i class=\"sf-icon-star-empty\"><\/i><\/button>","protected":false},"excerpt":{"rendered":"<p>J\u00e1 est\u00e3o abertas, as inscri\u00e7\u00f5es para o Programa de Mentoria da Comiss\u00e3o ADM Mulher do CRA-RN. Os interessados podem se inscrever, at\u00e9 o dia 21\/02\/24, pelo formul\u00e1rio dispon\u00edvel no linktree da Bio do Instagram @cra_rnoficial ou pelo link . As mentorias s\u00e3o gratuitas e contemplam as \u00e1reas de gest\u00e3o de carreiras, planejamento estrat\u00e9gico e gest\u00e3o<a class=\"read-more\" href=\"https:\/\/crarn.org.br\/?p=66554\"> [&hellip;]<\/a><\/p>\n","protected":false},"author":26,"featured_media":66557,"comment_status":"closed","ping_status":"open","sticky":false,"template":"","format":"standard","meta":{"_price":"","_stock":"","_tribe_ticket_header":"","_tribe_default_ticket_provider":"","_tribe_ticket_capacity":"0","_ticket_start_date":"","_ticket_end_date":"","_tribe_ticket_show_description":"","_tribe_ticket_show_not_going":false,"_tribe_ticket_use_global_stock":"","_tribe_ticket_global_stock_level":"","_global_stock_mode":"","_global_stock_cap":"","_tribe_rsvp_for_event":"","_tribe_ticket_going_count":"","_tribe_ticket_not_going_count":"","_tribe_tickets_list":"[]","_tribe_ticket_has_attendee_info_fields":false,"footnotes":"","_links_to":"","_links_to_target":""},"categories":[580,310,320,399,309],"tags":[],"class_list":["post-66554","post","type-post","status-publish","format-standard","has-post-thumbnail","hentry","category-ano-2024","category-destaque-grande","category-home","category-institucional","category-ultimas-noticias","entry","has-media"],"_links":{"self":[{"href":"https:\/\/crarn.org.br\/index.php?rest_route=\/wp\/v2\/posts\/66554","targetHints":{"allow":["GET"]}}],"collection":[{"href":"https:\/\/crarn.org.br\/index.php?rest_route=\/wp\/v2\/posts"}],"about":[{"href":"https:\/\/crarn.org.br\/index.php?rest_route=\/wp\/v2\/types\/post"}],"author":[{"embeddable":true,"href":"https:\/\/crarn.org.br\/index.php?rest_route=\/wp\/v2\/users\/26"}],"replies":[{"embeddable":true,"href":"https:\/\/crarn.org.br\/index.php?rest_route=%2Fwp%2Fv2%2Fcomments&post=66554"}],"version-history":[{"count":2,"href":"https:\/\/crarn.org.br\/index.php?rest_route=\/wp\/v2\/posts\/66554\/revisions"}],"predecessor-version":[{"id":66558,"href":"https:\/\/crarn.org.br\/index.php?rest_route=\/wp\/v2\/posts\/66554\/revisions\/66558"}],"wp:featuredmedia":[{"embeddable":true,"href":"https:\/\/crarn.org.br\/index.php?rest_route=\/wp\/v2\/media\/66557"}],"wp:attachment":[{"href":"https:\/\/crarn.org.br\/index.php?rest_route=%2Fwp%2Fv2%2Fmedia&parent=66554"}],"wp:term":[{"taxonomy":"category","embeddable":true,"href":"https:\/\/crarn.org.br\/index.php?rest_route=%2Fwp%2Fv2%2Fcategories&post=66554"},{"taxonomy":"post_tag","embeddable":true,"href":"https:\/\/crarn.org.br\/index.php?rest_route=%2Fwp%2Fv2%2Ftags&post=66554"}],"curies":[{"name":"wp","href":"https:\/\/api.w.org\/{rel}","templated":true}]}}