{"id":66446,"date":"2024-01-30T14:48:45","date_gmt":"2024-01-30T17:48:45","guid":{"rendered":"https:\/\/crarn.org.br\/?p=66446"},"modified":"2024-01-30T14:55:00","modified_gmt":"2024-01-30T17:55:00","slug":"deputado-kleber-rodrigues-recebe-medalha-pelos-35-anos-do-cra-rn","status":"publish","type":"post","link":"https:\/\/crarn.org.br\/?p=66446","title":{"rendered":"Deputado Kleber Rodrigues recebe medalha pelos 35 anos do CRA-RN"},"content":{"rendered":"\n<p>Ainda nas comemora\u00e7\u00f5es pelos 35 anos do Conselho Regional de Administra\u00e7\u00e3o do RN, o presidente do regional, Adm. Fl\u00e1vio Em\u00edlio Cavalcanti, homenageou o deputado estadual Kleber Rodrigues.<\/p>\n<p>Na manh\u00e3 desta ter\u00e7a-feira, o presidente esteve no gabinete do deputado na Assembleia Legislativa, juntamente com o vice-presidente, Adm. Cl\u00e1udio Bessa de Menezes e a diretora Administrativa Financeira, Adm. C\u00e9lia Ribeiro, quando fez a entrega oficial da medalha que marca os 35 anos do conselho.<\/p>\n<p>A medalha foi criada para homenagear as pessoas que contribu\u00edram e continuam contribuindo na constru\u00e7\u00e3o da bela hist\u00f3ria do regional.<\/p>\n<p>O deputado Kleber Rodrigues \u00e9 profissional registrado no Conselho e est\u00e1 entre os homenageados pela sua contribui\u00e7\u00e3o e disponibilidade para a divulga\u00e7\u00e3o e fortalecimento da profiss\u00e3o durante o seu mandato.<\/p>\n<p>Ao entregar a medalha, o presidente Fl\u00e1vio Em\u00edlio falou um pouco sobre a hist\u00f3ria do CRA-RN e da satisfa\u00e7\u00e3o em homenagear o deputado. \u201cTrinta e cinco anos de exist\u00eancia mostra toda uma hist\u00f3ria no estado e uma luta constante. Neste momento \u00e9 um dever e uma alegria reconhecer o esfor\u00e7o de colegas que fizeram muito pelo conselho, nos apoiando e defendendo a profiss\u00e3o. Sem d\u00favidas, o deputado Kleber Rodrigues, \u00e9 um deles\u201d, destacou.<\/p>\n<p>O deputado falou da sua satisfa\u00e7\u00e3o em receber a homenagem e, especialmente, por ser o Conselho da profiss\u00e3o que escolheu para seguir e tem orgulho em exercer. \u201cEstou feliz, demais, pelo reconhecimento! Estou aqui pronto para ajudar, pois quero ver os profissionais de Administra\u00e7\u00e3o valorizados e reconhecidos. E para isso uma voz ativa na Assembleia \u00e9 importante\u201d, afirmou.<\/p>\n<button class=\"simplefavorite-button\" data-postid=\"66446\" data-siteid=\"1\" data-groupid=\"1\" data-favoritecount=\"0\" style=\"\">Favorite <i class=\"sf-icon-star-empty\"><\/i><\/button>","protected":false},"excerpt":{"rendered":"<p>Ainda nas comemora\u00e7\u00f5es pelos 35 anos do Conselho Regional de Administra\u00e7\u00e3o do RN, o presidente do regional, Adm. Fl\u00e1vio Em\u00edlio Cavalcanti, homenageou o deputado estadual Kleber Rodrigues. Na manh\u00e3 desta ter\u00e7a-feira, o presidente esteve no gabinete do deputado na Assembleia Legislativa, juntamente com o vice-presidente, Adm. Cl\u00e1udio Bessa de Menezes e a diretora Administrativa Financeira,<a class=\"read-more\" href=\"https:\/\/crarn.org.br\/?p=66446\"> [&hellip;]<\/a><\/p>\n","protected":false},"author":26,"featured_media":66447,"comment_status":"closed","ping_status":"open","sticky":true,"template":"","format":"standard","meta":{"_price":"","_stock":"","_tribe_ticket_header":"","_tribe_default_ticket_provider":"","_tribe_ticket_capacity":"0","_ticket_start_date":"","_ticket_end_date":"","_tribe_ticket_show_description":"","_tribe_ticket_show_not_going":false,"_tribe_ticket_use_global_stock":"","_tribe_ticket_global_stock_level":"","_global_stock_mode":"","_global_stock_cap":"","_tribe_rsvp_for_event":"","_tribe_ticket_going_count":"","_tribe_ticket_not_going_count":"","_tribe_tickets_list":"[]","_tribe_ticket_has_attendee_info_fields":false,"footnotes":"","_links_to":"","_links_to_target":""},"categories":[580,310,399,309],"tags":[],"class_list":["post-66446","post","type-post","status-publish","format-standard","has-post-thumbnail","hentry","category-ano-2024","category-destaque-grande","category-institucional","category-ultimas-noticias","entry","has-media"],"_links":{"self":[{"href":"https:\/\/crarn.org.br\/index.php?rest_route=\/wp\/v2\/posts\/66446","targetHints":{"allow":["GET"]}}],"collection":[{"href":"https:\/\/crarn.org.br\/index.php?rest_route=\/wp\/v2\/posts"}],"about":[{"href":"https:\/\/crarn.org.br\/index.php?rest_route=\/wp\/v2\/types\/post"}],"author":[{"embeddable":true,"href":"https:\/\/crarn.org.br\/index.php?rest_route=\/wp\/v2\/users\/26"}],"replies":[{"embeddable":true,"href":"https:\/\/crarn.org.br\/index.php?rest_route=%2Fwp%2Fv2%2Fcomments&post=66446"}],"version-history":[{"count":3,"href":"https:\/\/crarn.org.br\/index.php?rest_route=\/wp\/v2\/posts\/66446\/revisions"}],"predecessor-version":[{"id":66450,"href":"https:\/\/crarn.org.br\/index.php?rest_route=\/wp\/v2\/posts\/66446\/revisions\/66450"}],"wp:featuredmedia":[{"embeddable":true,"href":"https:\/\/crarn.org.br\/index.php?rest_route=\/wp\/v2\/media\/66447"}],"wp:attachment":[{"href":"https:\/\/crarn.org.br\/index.php?rest_route=%2Fwp%2Fv2%2Fmedia&parent=66446"}],"wp:term":[{"taxonomy":"category","embeddable":true,"href":"https:\/\/crarn.org.br\/index.php?rest_route=%2Fwp%2Fv2%2Fcategories&post=66446"},{"taxonomy":"post_tag","embeddable":true,"href":"https:\/\/crarn.org.br\/index.php?rest_route=%2Fwp%2Fv2%2Ftags&post=66446"}],"curies":[{"name":"wp","href":"https:\/\/api.w.org\/{rel}","templated":true}]}}