{"id":66429,"date":"2024-01-18T16:17:56","date_gmt":"2024-01-18T19:17:56","guid":{"rendered":"https:\/\/crarn.org.br\/?p=66429"},"modified":"2024-01-18T16:23:02","modified_gmt":"2024-01-18T19:23:02","slug":"fiscalizacao-do-cra-rn-continua-em-alerta-para-concursos-publicos","status":"publish","type":"post","link":"https:\/\/crarn.org.br\/?p=66429","title":{"rendered":"Fiscaliza\u00e7\u00e3o do CRA-RN continua em alerta para concursos p\u00fablicos"},"content":{"rendered":"\n<p>O Governo Federal lan\u00e7ou, na semana passada, o Concurso P\u00fablico Nacional Unificado \u2013 CPNU, o \u201cEnem dos concursos\u201d, que vai selecionar, de uma s\u00f3 vez, 6.640 servidores para 21 \u00f3rg\u00e3os p\u00fablicos federais, em todo o Brasil.<\/p>\n<p>O edital do concurso j\u00e1 \u00e9 de conhecimento da \u00e1rea de fiscaliza\u00e7\u00e3o do CRA-RN, que analisou o documento e identificou que ser\u00e3o 154 vagas para administrador e obedece ao disposto na Lei que regulamenta a profiss\u00e3o, com a exig\u00eancia da forma\u00e7\u00e3o e do registro no CRA.<\/p>\n<p>Ainda est\u00e3o disponibilizadas outras vagas que podem ser ocupadas por profissionais da \u00e1rea de administra\u00e7\u00e3o, ampliando mais ainda as oportunidades de trabalho.<\/p>\n<p>Conforme orienta\u00e7\u00e3o do Conselho Federal de Administra\u00e7\u00e3o &#8211; CFA, futuros questionamentos relacionados \u00e0s vagas que envolvem a \u00e1rea de administra\u00e7\u00e3o ser\u00e3o conduzidos pelo Conselho Regional de Administra\u00e7\u00e3o do Distrito Federal, j\u00e1 que o edital \u00e9 de car\u00e1ter federal e quem tem compet\u00eancia para fiscalizar \u00e9 este regional.<\/p>\n<p>Cada \u00f3rg\u00e3o contemplado com vagas para o concurso tem uma legisla\u00e7\u00e3o espec\u00edfica quanto \u00e0 cria\u00e7\u00e3o de cargos, o que determina seus respectivos requisitos de ingresso.<\/p>\n<p>O CRA-RN permanece atento \u00e0s orienta\u00e7\u00f5es do CFA e \u00e0 movimenta\u00e7\u00e3o do processo do concurso, no que couber, pelo CRA-DF.<\/p>\n<p>As provas ser\u00e3o aplicadas no dia 5 de maio, em 220 cidades brasileiras, distribu\u00eddas em todas as Unidades Federativas.<\/p>\n<p>\u00a0<\/p>\n<button class=\"simplefavorite-button\" data-postid=\"66429\" data-siteid=\"1\" data-groupid=\"1\" data-favoritecount=\"0\" style=\"\">Favorite <i class=\"sf-icon-star-empty\"><\/i><\/button>","protected":false},"excerpt":{"rendered":"<p>O Governo Federal lan\u00e7ou, na semana passada, o Concurso P\u00fablico Nacional Unificado \u2013 CPNU, o \u201cEnem dos concursos\u201d, que vai selecionar, de uma s\u00f3 vez, 6.640 servidores para 21 \u00f3rg\u00e3os p\u00fablicos federais, em todo o Brasil. O edital do concurso j\u00e1 \u00e9 de conhecimento da \u00e1rea de fiscaliza\u00e7\u00e3o do CRA-RN, que analisou o documento e<a class=\"read-more\" href=\"https:\/\/crarn.org.br\/?p=66429\"> [&hellip;]<\/a><\/p>\n","protected":false},"author":26,"featured_media":66433,"comment_status":"closed","ping_status":"open","sticky":true,"template":"","format":"standard","meta":{"_price":"","_stock":"","_tribe_ticket_header":"","_tribe_default_ticket_provider":"","_tribe_ticket_capacity":"0","_ticket_start_date":"","_ticket_end_date":"","_tribe_ticket_show_description":"","_tribe_ticket_show_not_going":false,"_tribe_ticket_use_global_stock":"","_tribe_ticket_global_stock_level":"","_global_stock_mode":"","_global_stock_cap":"","_tribe_rsvp_for_event":"","_tribe_ticket_going_count":"","_tribe_ticket_not_going_count":"","_tribe_tickets_list":"[]","_tribe_ticket_has_attendee_info_fields":false,"footnotes":"","_links_to":"","_links_to_target":""},"categories":[580,310,320,309],"tags":[],"class_list":["post-66429","post","type-post","status-publish","format-standard","has-post-thumbnail","hentry","category-ano-2024","category-destaque-grande","category-home","category-ultimas-noticias","entry","has-media"],"_links":{"self":[{"href":"https:\/\/crarn.org.br\/index.php?rest_route=\/wp\/v2\/posts\/66429","targetHints":{"allow":["GET"]}}],"collection":[{"href":"https:\/\/crarn.org.br\/index.php?rest_route=\/wp\/v2\/posts"}],"about":[{"href":"https:\/\/crarn.org.br\/index.php?rest_route=\/wp\/v2\/types\/post"}],"author":[{"embeddable":true,"href":"https:\/\/crarn.org.br\/index.php?rest_route=\/wp\/v2\/users\/26"}],"replies":[{"embeddable":true,"href":"https:\/\/crarn.org.br\/index.php?rest_route=%2Fwp%2Fv2%2Fcomments&post=66429"}],"version-history":[{"count":2,"href":"https:\/\/crarn.org.br\/index.php?rest_route=\/wp\/v2\/posts\/66429\/revisions"}],"predecessor-version":[{"id":66434,"href":"https:\/\/crarn.org.br\/index.php?rest_route=\/wp\/v2\/posts\/66429\/revisions\/66434"}],"wp:featuredmedia":[{"embeddable":true,"href":"https:\/\/crarn.org.br\/index.php?rest_route=\/wp\/v2\/media\/66433"}],"wp:attachment":[{"href":"https:\/\/crarn.org.br\/index.php?rest_route=%2Fwp%2Fv2%2Fmedia&parent=66429"}],"wp:term":[{"taxonomy":"category","embeddable":true,"href":"https:\/\/crarn.org.br\/index.php?rest_route=%2Fwp%2Fv2%2Fcategories&post=66429"},{"taxonomy":"post_tag","embeddable":true,"href":"https:\/\/crarn.org.br\/index.php?rest_route=%2Fwp%2Fv2%2Ftags&post=66429"}],"curies":[{"name":"wp","href":"https:\/\/api.w.org\/{rel}","templated":true}]}}