{"id":66416,"date":"2024-01-17T13:21:43","date_gmt":"2024-01-17T16:21:43","guid":{"rendered":"https:\/\/crarn.org.br\/?p=66416"},"modified":"2024-01-17T13:21:46","modified_gmt":"2024-01-17T16:21:46","slug":"janeiro-branco-e-tempo-de-reflexao-sobre-sintomas-mentais-e-emocionais","status":"publish","type":"post","link":"https:\/\/crarn.org.br\/?p=66416","title":{"rendered":"Janeiro Branco \u00e9 tempo de reflex\u00e3o sobre sintomas mentais e emocionais"},"content":{"rendered":"\n<h3><i>Campanha prop\u00f5e repensar a vida e problemas que tem se repetido, mas podem ser mudados ao longo do ano<\/i>\u00a0\u00a0<\/h3>\n<p>O ano mal come\u00e7ou, mas j\u00e1 \u00e9 tempo de alertar toda a sociedade sobre os cuidados com a sa\u00fade mental e emocional. Sintomas como estresse, depress\u00e3o, ansiedade e p\u00e2nico s\u00e3o alguns exemplos de como tais problemas podem se manifestar.\u00a0<\/p>\n<p>De olho na conscientiza\u00e7\u00e3o, a sociedade civil e os governos (federal, estadual e municipal) promovem todo ano a campanha denominada \u201cJaneiro Branco\u201d. A ideia \u00e9 n\u00e3o apenas alertar para o autocuidado, como tamb\u00e9m prestar aten\u00e7\u00e3o a dificuldades e sinais de alerta vindo de pessoas pr\u00f3ximas.\u00a0<\/p>\n<p>Segundo a administradora T\u00e2nia Zambelli, do CRA-MG, que \u00e9 profissional de recursos humanos e presta mentoria para institui\u00e7\u00f5es de Minas Gerais, \u00e9 preciso investir em programas que visam a melhoria do ambiente de trabalho. Programas ligados \u00e0 qualidade de vida, como gin\u00e1stica laboral, massagens relaxantes, palestras e mentorias s\u00e3o algumas das a\u00e7\u00f5es que podem ser tomadas, mas prestar aten\u00e7\u00e3o aos detalhes ainda \u00e9 a principal recomenda\u00e7\u00e3o.<\/p>\n<p>\u201cTive uma cliente que veio para mentoria com problemas como consumo de ansiol\u00edtico e rem\u00e9dio para dormir, e com dificuldade de relacionamento com a lideran\u00e7a. A sobrecarga estava impactando o relacionamento dela com a equipe, e isso estava influenciando em tudo \u00e0 sua volta\u201d, narrou.\u00a0<\/p>\n<p><b>Autocr\u00edtica<\/b><\/p>\n<p>T\u00e2nia tamb\u00e9m alerta aos gestores para se sensibilizarem em rela\u00e7\u00e3o \u00e0 quantidade de trabalho dada aos colaboradores, pois esse \u00e9 um dos principais causadores de sobrecarga \u00e0 equipe e de problemas psicossom\u00e1ticos relacionados ao trabalho. Ela conta que existe a tend\u00eancia de o l\u00edder receber a demanda e j\u00e1 ir passando para seus liderados, de forma autom\u00e1tica, por isso ela faz um alerta.\u00a0<\/p>\n<p>\u201cEu ensino os meus clientes a questionarem, a dizerem que j\u00e1 tem atividades e perguntarem: \u2018voc\u00ea est\u00e1 me passando mais essa tarefa?\u2019 Ensino, ainda, a questionarem o que \u00e9 prioridade. Por outro lado, o gestor precisa ficar atento a isso e definir quais s\u00e3o as prioridades para que seja entregue aquilo que de fato \u00e9 importante\u201d, diz.\u00a0<\/p>\n<p><b>Dicas para manter a sa\u00fade mental (Fonte: PUC-RS)\u00a0<\/b><\/p>\n<p>1. Pratique atividade f\u00edsica e durma tempo suficiente para descanso;<\/p>\n<p>2. Tire um per\u00edodo para relaxar e avaliar os pr\u00f3prios sentimentos;<\/p>\n<p>3. Invista em rela\u00e7\u00f5es saud\u00e1veis<\/p>\n<p>4. Pratique a comunica\u00e7\u00e3o n\u00e3o violenta (CNV)<\/p>\n<p>5.Invista em soft skills como maturidade emocional e resili\u00eancia para lidar com atividades estressantes<\/p>\n<p>6. Pe\u00e7a ajuda a amigos e conhecidos e procure ajuda profissional (psic\u00f3logo), caso seja necess\u00e1rio.<\/p>\n<p>\u00a0<\/p>\n<p>Fonte: Portal www.cfa.org.br<\/p>\n<button class=\"simplefavorite-button\" data-postid=\"66416\" data-siteid=\"1\" data-groupid=\"1\" data-favoritecount=\"0\" style=\"\">Favorite <i class=\"sf-icon-star-empty\"><\/i><\/button>","protected":false},"excerpt":{"rendered":"<p>Campanha prop\u00f5e repensar a vida e problemas que tem se repetido, mas podem ser mudados ao longo do ano\u00a0\u00a0 O ano mal come\u00e7ou, mas j\u00e1 \u00e9 tempo de alertar toda a sociedade sobre os cuidados com a sa\u00fade mental e emocional. Sintomas como estresse, depress\u00e3o, ansiedade e p\u00e2nico s\u00e3o alguns exemplos de como tais problemas<a class=\"read-more\" href=\"https:\/\/crarn.org.br\/?p=66416\"> [&hellip;]<\/a><\/p>\n","protected":false},"author":26,"featured_media":66417,"comment_status":"closed","ping_status":"open","sticky":true,"template":"","format":"standard","meta":{"_price":"","_stock":"","_tribe_ticket_header":"","_tribe_default_ticket_provider":"","_tribe_ticket_capacity":"0","_ticket_start_date":"","_ticket_end_date":"","_tribe_ticket_show_description":"","_tribe_ticket_show_not_going":false,"_tribe_ticket_use_global_stock":"","_tribe_ticket_global_stock_level":"","_global_stock_mode":"","_global_stock_cap":"","_tribe_rsvp_for_event":"","_tribe_ticket_going_count":"","_tribe_ticket_not_going_count":"","_tribe_tickets_list":"[]","_tribe_ticket_has_attendee_info_fields":false,"footnotes":"","_links_to":"","_links_to_target":""},"categories":[580,310,399,309],"tags":[],"class_list":["post-66416","post","type-post","status-publish","format-standard","has-post-thumbnail","hentry","category-ano-2024","category-destaque-grande","category-institucional","category-ultimas-noticias","entry","has-media"],"_links":{"self":[{"href":"https:\/\/crarn.org.br\/index.php?rest_route=\/wp\/v2\/posts\/66416","targetHints":{"allow":["GET"]}}],"collection":[{"href":"https:\/\/crarn.org.br\/index.php?rest_route=\/wp\/v2\/posts"}],"about":[{"href":"https:\/\/crarn.org.br\/index.php?rest_route=\/wp\/v2\/types\/post"}],"author":[{"embeddable":true,"href":"https:\/\/crarn.org.br\/index.php?rest_route=\/wp\/v2\/users\/26"}],"replies":[{"embeddable":true,"href":"https:\/\/crarn.org.br\/index.php?rest_route=%2Fwp%2Fv2%2Fcomments&post=66416"}],"version-history":[{"count":1,"href":"https:\/\/crarn.org.br\/index.php?rest_route=\/wp\/v2\/posts\/66416\/revisions"}],"predecessor-version":[{"id":66418,"href":"https:\/\/crarn.org.br\/index.php?rest_route=\/wp\/v2\/posts\/66416\/revisions\/66418"}],"wp:featuredmedia":[{"embeddable":true,"href":"https:\/\/crarn.org.br\/index.php?rest_route=\/wp\/v2\/media\/66417"}],"wp:attachment":[{"href":"https:\/\/crarn.org.br\/index.php?rest_route=%2Fwp%2Fv2%2Fmedia&parent=66416"}],"wp:term":[{"taxonomy":"category","embeddable":true,"href":"https:\/\/crarn.org.br\/index.php?rest_route=%2Fwp%2Fv2%2Fcategories&post=66416"},{"taxonomy":"post_tag","embeddable":true,"href":"https:\/\/crarn.org.br\/index.php?rest_route=%2Fwp%2Fv2%2Ftags&post=66416"}],"curies":[{"name":"wp","href":"https:\/\/api.w.org\/{rel}","templated":true}]}}