{"id":66391,"date":"2023-12-29T08:53:34","date_gmt":"2023-12-29T11:53:34","guid":{"rendered":"https:\/\/crarn.org.br\/?p=66391"},"modified":"2023-12-29T08:53:47","modified_gmt":"2023-12-29T11:53:47","slug":"cra-rn-comemora-35-anos-com-entrega-do-premio-guerreiro-ramos","status":"publish","type":"post","link":"https:\/\/crarn.org.br\/?p=66391","title":{"rendered":"CRA-RN comemora 35 anos com entrega do pr\u00eamio Guerreiro Ramos"},"content":{"rendered":"\n<p>O Conselho Regional de Administra\u00e7\u00e3o do RN completou 35 anos de funda\u00e7\u00e3o, nesta quinta-feira, dia 28 de dezembro.<\/p>\n<p>A data foi comemorada com um jantar, por ades\u00e3o, quando foi realizada a entrega oficial do Pr\u00eamio Guerreiro Ramos \u00e0 vencedora da categoria \u201cPesquisa Cient\u00edfica, a estudante Dayane Caroliny Pereira, aluna do 4\u00ba per\u00edodo do curso de Tecnologia em Gest\u00e3o P\u00fablica do IFRN. O orientador do trabalho de Dayane, professor Dr. Miler Franco D\u2019Anjour, tamb\u00e9m foi homenageado.<\/p>\n<p>O pr\u00eamio foi entregue pelo Presidente do CRA-RN, Adm. Fl\u00e1vio Em\u00edlio Cavalcanti, juntamente com o conselheiro federal pelo estado do Rio de Janeiro e vice diretor da CGP &#8211; Comiss\u00e3o de Gest\u00e3o p\u00fablica do CFA, Adm. Francisco Jesus e o conselheiro federal pelo RN, Adm. J\u00falio Rezende.<\/p>\n<p>\u00c9 a segunda vez que o CRA-RN vence o pr\u00eamio, nesta categoria. A estudante La\u00eds St\u00e9phanie Baz\u00edlio da Silva, vencedora em 2021, tamb\u00e9m participou da entrega do pr\u00eamio.<\/p>\n<p>A comemora\u00e7\u00e3o contou, ainda, com a presen\u00e7a do vice-presidente do CRA-RN, Adm. Cl\u00e1udio Henrique Bessa; diretora de Fiscaliza\u00e7\u00e3o e Registro, Adm. Kate Maciel; diretora Administrativa Financeira, Adm. C\u00e9lia Ribeiro; ex-presidente e ex-conselheira federal pelo RN, Adm. Ione Salem, profissionais e funcion\u00e1rios do regional.<\/p>\n<p>\u00a0<\/p>\n<button class=\"simplefavorite-button\" data-postid=\"66391\" data-siteid=\"1\" data-groupid=\"1\" data-favoritecount=\"0\" style=\"\">Favorite <i class=\"sf-icon-star-empty\"><\/i><\/button>","protected":false},"excerpt":{"rendered":"<p>O Conselho Regional de Administra\u00e7\u00e3o do RN completou 35 anos de funda\u00e7\u00e3o, nesta quinta-feira, dia 28 de dezembro. A data foi comemorada com um jantar, por ades\u00e3o, quando foi realizada a entrega oficial do Pr\u00eamio Guerreiro Ramos \u00e0 vencedora da categoria \u201cPesquisa Cient\u00edfica, a estudante Dayane Caroliny Pereira, aluna do 4\u00ba per\u00edodo do curso de<a class=\"read-more\" href=\"https:\/\/crarn.org.br\/?p=66391\"> [&hellip;]<\/a><\/p>\n","protected":false},"author":26,"featured_media":66392,"comment_status":"closed","ping_status":"open","sticky":true,"template":"","format":"standard","meta":{"_price":"","_stock":"","_tribe_ticket_header":"","_tribe_default_ticket_provider":"","_tribe_ticket_capacity":"0","_ticket_start_date":"","_ticket_end_date":"","_tribe_ticket_show_description":"","_tribe_ticket_show_not_going":false,"_tribe_ticket_use_global_stock":"","_tribe_ticket_global_stock_level":"","_global_stock_mode":"","_global_stock_cap":"","_tribe_rsvp_for_event":"","_tribe_ticket_going_count":"","_tribe_ticket_not_going_count":"","_tribe_tickets_list":"[]","_tribe_ticket_has_attendee_info_fields":false,"footnotes":"","_links_to":"","_links_to_target":""},"categories":[549,310,320,399,309],"tags":[],"class_list":["post-66391","post","type-post","status-publish","format-standard","has-post-thumbnail","hentry","category-ano-2023","category-destaque-grande","category-home","category-institucional","category-ultimas-noticias","entry","has-media"],"_links":{"self":[{"href":"https:\/\/crarn.org.br\/index.php?rest_route=\/wp\/v2\/posts\/66391","targetHints":{"allow":["GET"]}}],"collection":[{"href":"https:\/\/crarn.org.br\/index.php?rest_route=\/wp\/v2\/posts"}],"about":[{"href":"https:\/\/crarn.org.br\/index.php?rest_route=\/wp\/v2\/types\/post"}],"author":[{"embeddable":true,"href":"https:\/\/crarn.org.br\/index.php?rest_route=\/wp\/v2\/users\/26"}],"replies":[{"embeddable":true,"href":"https:\/\/crarn.org.br\/index.php?rest_route=%2Fwp%2Fv2%2Fcomments&post=66391"}],"version-history":[{"count":1,"href":"https:\/\/crarn.org.br\/index.php?rest_route=\/wp\/v2\/posts\/66391\/revisions"}],"predecessor-version":[{"id":66393,"href":"https:\/\/crarn.org.br\/index.php?rest_route=\/wp\/v2\/posts\/66391\/revisions\/66393"}],"wp:featuredmedia":[{"embeddable":true,"href":"https:\/\/crarn.org.br\/index.php?rest_route=\/wp\/v2\/media\/66392"}],"wp:attachment":[{"href":"https:\/\/crarn.org.br\/index.php?rest_route=%2Fwp%2Fv2%2Fmedia&parent=66391"}],"wp:term":[{"taxonomy":"category","embeddable":true,"href":"https:\/\/crarn.org.br\/index.php?rest_route=%2Fwp%2Fv2%2Fcategories&post=66391"},{"taxonomy":"post_tag","embeddable":true,"href":"https:\/\/crarn.org.br\/index.php?rest_route=%2Fwp%2Fv2%2Ftags&post=66391"}],"curies":[{"name":"wp","href":"https:\/\/api.w.org\/{rel}","templated":true}]}}