{"id":66386,"date":"2023-12-22T15:30:01","date_gmt":"2023-12-22T18:30:01","guid":{"rendered":"https:\/\/crarn.org.br\/?p=66386"},"modified":"2023-12-23T09:37:32","modified_gmt":"2023-12-23T12:37:32","slug":"cra-rn-pede-impugnacao-de-concurso-publico-para-cidades-do-serido","status":"publish","type":"post","link":"https:\/\/crarn.org.br\/?p=66386","title":{"rendered":"CRA-RN apresenta impugna\u00e7\u00e3o de concurso p\u00fablico para cidades do Serid\u00f3"},"content":{"rendered":"\n<p>A Prefeitura de Carna\u00fabas dos Dantas e as C\u00e2maras Municipais das cidades de Caic\u00f3, Carna\u00fabas dos Dantas, Currais Novos e Equador, na regi\u00e3o do Serid\u00f3 do estado, lan\u00e7aram o Edital N\u00b0 01\/2023, relativo a concurso p\u00fablico \u00fanico para provimento de cargos na administra\u00e7\u00e3o municipal. No total, foram disponibilizados 77 cargos, com sal\u00e1rios que chegam a 5,2 mil.<\/p>\n<p>Ap\u00f3s o recebimento de den\u00fancias sobre o edital do concurso p\u00fablico, o setor de Fiscaliza\u00e7\u00e3o do CRA-RN, amparado pela Lei 4.769, de 9 de setembro de 1965 e regulamentada pelo Decreto no 61.934, de 22 de dezembro de 1967, enviou of\u00edcio \u00e0 prefeitura e C\u00e2maras Municipais sobre a necessidade de exig\u00eancia do registro profissional no \u00f3rg\u00e3o competente como requisito de ingresso para os cargos de Administrador, Analista de Controle Interno e Controlador Interno Legislativo.<\/p>\n<p>O valor da remunera\u00e7\u00e3o para o cargo de Administrador tamb\u00e9m foi motivo de contesta\u00e7\u00e3o pela fiscaliza\u00e7\u00e3o do regional, devido ao fato de estar muito abaixo do estabelecido pela Resolu\u00e7\u00e3o CFA n\u00b0 487\/2016 e\/ou tabela de honor\u00e1rios definida pela Federa\u00e7\u00e3o Nacional dos Administradores (FENAD) de 2023<\/p>\n<p>O of\u00edcio foi enviado nesta sexta-feira (22\/12) e os \u00f3rg\u00e3os envolvidos no concurso t\u00eam o prazo m\u00e1ximo de dez dias corridos, a partir do recebimento do instrumento, para se manifestarem.<\/p>\n\n\n<button class=\"simplefavorite-button\" data-postid=\"66386\" data-siteid=\"1\" data-groupid=\"1\" data-favoritecount=\"0\" style=\"\">Favorite <i class=\"sf-icon-star-empty\"><\/i><\/button>","protected":false},"excerpt":{"rendered":"<p>A Prefeitura de Carna\u00fabas dos Dantas e as C\u00e2maras Municipais das cidades de Caic\u00f3, Carna\u00fabas dos Dantas, Currais Novos e Equador, na regi\u00e3o do Serid\u00f3 do estado, lan\u00e7aram o Edital N\u00b0 01\/2023, relativo a concurso p\u00fablico \u00fanico para provimento de cargos na administra\u00e7\u00e3o municipal. No total, foram disponibilizados 77 cargos, com sal\u00e1rios que chegam a<a class=\"read-more\" href=\"https:\/\/crarn.org.br\/?p=66386\"> [&hellip;]<\/a><\/p>\n","protected":false},"author":26,"featured_media":66387,"comment_status":"closed","ping_status":"open","sticky":true,"template":"","format":"standard","meta":{"_price":"","_stock":"","_tribe_ticket_header":"","_tribe_default_ticket_provider":"","_tribe_ticket_capacity":"0","_ticket_start_date":"","_ticket_end_date":"","_tribe_ticket_show_description":"","_tribe_ticket_show_not_going":false,"_tribe_ticket_use_global_stock":"","_tribe_ticket_global_stock_level":"","_global_stock_mode":"","_global_stock_cap":"","_tribe_rsvp_for_event":"","_tribe_ticket_going_count":"","_tribe_ticket_not_going_count":"","_tribe_tickets_list":"[]","_tribe_ticket_has_attendee_info_fields":false,"footnotes":"","_links_to":"","_links_to_target":""},"categories":[549,311,320,399,309],"tags":[],"class_list":["post-66386","post","type-post","status-publish","format-standard","has-post-thumbnail","hentry","category-ano-2023","category-destaque-pequeno-superior","category-home","category-institucional","category-ultimas-noticias","entry","has-media"],"_links":{"self":[{"href":"https:\/\/crarn.org.br\/index.php?rest_route=\/wp\/v2\/posts\/66386","targetHints":{"allow":["GET"]}}],"collection":[{"href":"https:\/\/crarn.org.br\/index.php?rest_route=\/wp\/v2\/posts"}],"about":[{"href":"https:\/\/crarn.org.br\/index.php?rest_route=\/wp\/v2\/types\/post"}],"author":[{"embeddable":true,"href":"https:\/\/crarn.org.br\/index.php?rest_route=\/wp\/v2\/users\/26"}],"replies":[{"embeddable":true,"href":"https:\/\/crarn.org.br\/index.php?rest_route=%2Fwp%2Fv2%2Fcomments&post=66386"}],"version-history":[{"count":2,"href":"https:\/\/crarn.org.br\/index.php?rest_route=\/wp\/v2\/posts\/66386\/revisions"}],"predecessor-version":[{"id":66389,"href":"https:\/\/crarn.org.br\/index.php?rest_route=\/wp\/v2\/posts\/66386\/revisions\/66389"}],"wp:featuredmedia":[{"embeddable":true,"href":"https:\/\/crarn.org.br\/index.php?rest_route=\/wp\/v2\/media\/66387"}],"wp:attachment":[{"href":"https:\/\/crarn.org.br\/index.php?rest_route=%2Fwp%2Fv2%2Fmedia&parent=66386"}],"wp:term":[{"taxonomy":"category","embeddable":true,"href":"https:\/\/crarn.org.br\/index.php?rest_route=%2Fwp%2Fv2%2Fcategories&post=66386"},{"taxonomy":"post_tag","embeddable":true,"href":"https:\/\/crarn.org.br\/index.php?rest_route=%2Fwp%2Fv2%2Ftags&post=66386"}],"curies":[{"name":"wp","href":"https:\/\/api.w.org\/{rel}","templated":true}]}}