{"id":66383,"date":"2023-12-20T15:34:26","date_gmt":"2023-12-20T18:34:26","guid":{"rendered":"https:\/\/crarn.org.br\/?p=66383"},"modified":"2023-12-20T15:34:30","modified_gmt":"2023-12-20T18:34:30","slug":"cra-rn-comemora-35-anos-com-homenagens","status":"publish","type":"post","link":"https:\/\/crarn.org.br\/?p=66383","title":{"rendered":"CRA-RN comemora 35 anos com homenagens"},"content":{"rendered":"\n<p>Nesta ter\u00e7a-feira (19\/12), o Conselho Regional de Administra\u00e7\u00e3o realizou uma Sess\u00e3o Plen\u00e1ria Solene em homenagem pela passagem dos 35 anos de funda\u00e7\u00e3o da autarquia.<\/p>\n<p>Durante estas tr\u00eas d\u00e9cadas e meia, foram muitos os avan\u00e7os. O conselho sempre esteve presente no cotidiano do profissional de administra\u00e7\u00e3o, abrindo espa\u00e7os tecnicamente qualificados para o mercado de trabalho da categoria, fiscalizando empresas e institui\u00e7\u00f5es, visando combater o exerc\u00edcio ilegal da profiss\u00e3o e buscando a valoriza\u00e7\u00e3o do profissional.<\/p>\n<p>Na cerim\u00f4nia, foram prestadas homenagens \u00e0s pessoas que contribu\u00edram e continuam contribuindo na constru\u00e7\u00e3o da bela hist\u00f3ria do regional. Entre os homenageados figuravam conselheiros, representantes do Sistema CFA\/CRAs, funcion\u00e1rios e profissionais \u2013 alguns <em>in memorian<\/em> \u2013 que fizeram parte desta hist\u00f3ria e levantaram a bandeira da Administra\u00e7\u00e3o e do CRA-RN, nestes 35 anos.<\/p>\n<p>O presidente do CRA-RN, Adm. Fl\u00e1vio Em\u00edlio Cavalcanti, fez a sauda\u00e7\u00e3o inicial quando enalteceu a import\u00e2ncia dos profissionais que lutaram pela implanta\u00e7\u00e3o do CRA-RN \u2013 ainda em 1988 \u2013 e listou algumas das conquistas ao longo dos anos.<\/p>\n<p>Fl\u00e1vio destacou a luta cont\u00ednua para fazer o regional crescer e melhorar e que, para isso, conta com a ajuda de todos os profissionais. \u201cO CRA-RN faz a parte dele, mas n\u00e3o podemos esquecer da colabora\u00e7\u00e3o dos profissionais. A melhor forma de defender a profiss\u00e3o n\u00e3o \u00e9 s\u00f3 atrav\u00e9s da fiscaliza\u00e7\u00e3o e dos canais do conselho, mas, principalmente, pelo exerc\u00edcio correto, da postura e da atua\u00e7\u00e3o \u00e9tica de cada um. Que a gente siga forte e unidos na defesa da profiss\u00e3o\u201d, concluiu.<\/p>\n<p>O conselheiro federal suplente, Adm. Sandro Pacheco, falou em nome do Conselho Federal de Administra\u00e7\u00e3o, agradecendo a oportunidade e a todos os membros do CRA-RN, que t\u00eam desempenhado um papel fundamental na valoriza\u00e7\u00e3o e no fortalecimento da profiss\u00e3o. \u201cAo longo desses 35 anos, o CRA-RN tem sido um verdadeiro pilar para a administra\u00e7\u00e3o no Rio Grande do Norte. Seu compromisso em promover a excel\u00eancia e a \u00e9tica na \u00e1rea \u00e9 digno de admira\u00e7\u00e3o. Tenho certeza de que os pr\u00f3ximos anos ser\u00e3o marcados por novas conquistas e avan\u00e7os, impulsionados pela determina\u00e7\u00e3o e dedica\u00e7\u00e3o de todos n\u00f3s\u201d, afirmou.<\/p>\n<p>Em seguida, a ex-presidente do CRA-RN e ex-conselheira federal pelo RN, Adm. Ione Salem, representante dos homenageados, agradeceu ao presidente Fl\u00e1vio e sua equipe, e louvou a amplitude das homenagens. Fez um relato da hist\u00f3ria da cria\u00e7\u00e3o da autarquia, da qual foi importante personagem, narrou as dificuldades, destacou a coragem do grupo e o caminho seguido, desde ent\u00e3o. \u201cNessa trajet\u00f3ria de 35 anos, novos profissionais foram se integrando, pondo sua marca nas a\u00e7\u00f5es que hoje comemoramos. Como uma obra de constru\u00e7\u00e3o coletiva, o CRA \u00e9 vit\u00f3ria de todos n\u00f3s. Este caminho foi constru\u00eddo a v\u00e1rias m\u00e3os e as medidas entre o antigo e o novo foram harmonizadas com o tempo\u201d, salientou.<\/p>\n<p>Dando sequ\u00eancia, os homenageados foram chamados individualmente para receberem as medalhas especiais comemorativas pelos 35 anos de funda\u00e7\u00e3o do CRA-RN.<\/p>\n<p>Ao final, o presidente Fl\u00e1vio Em\u00edlio, juntamente com o vice-presidente e as diretoras de Fiscaliza\u00e7\u00e3o e Registro, Adm. Kate Maciel; Administrativa e Financeira, Adm. C\u00e9lia Ribeiro e de Forma\u00e7\u00e3o Profissional, Adm. Val\u00e9ria Ara\u00fajo, descerraram a placa comemorativa, fixada na recep\u00e7\u00e3o da autarquia.<\/p>\n<p>\u00a0<\/p>\n<p>\u00a0<\/p>\n<button class=\"simplefavorite-button\" data-postid=\"66383\" data-siteid=\"1\" data-groupid=\"1\" data-favoritecount=\"0\" style=\"\">Favorite <i class=\"sf-icon-star-empty\"><\/i><\/button>","protected":false},"excerpt":{"rendered":"<p>Nesta ter\u00e7a-feira (19\/12), o Conselho Regional de Administra\u00e7\u00e3o realizou uma Sess\u00e3o Plen\u00e1ria Solene em homenagem pela passagem dos 35 anos de funda\u00e7\u00e3o da autarquia. Durante estas tr\u00eas d\u00e9cadas e meia, foram muitos os avan\u00e7os. O conselho sempre esteve presente no cotidiano do profissional de administra\u00e7\u00e3o, abrindo espa\u00e7os tecnicamente qualificados para o mercado de trabalho da<a class=\"read-more\" href=\"https:\/\/crarn.org.br\/?p=66383\"> [&hellip;]<\/a><\/p>\n","protected":false},"author":26,"featured_media":66384,"comment_status":"closed","ping_status":"open","sticky":true,"template":"","format":"standard","meta":{"_price":"","_stock":"","_tribe_ticket_header":"","_tribe_default_ticket_provider":"","_tribe_ticket_capacity":"0","_ticket_start_date":"","_ticket_end_date":"","_tribe_ticket_show_description":"","_tribe_ticket_show_not_going":false,"_tribe_ticket_use_global_stock":"","_tribe_ticket_global_stock_level":"","_global_stock_mode":"","_global_stock_cap":"","_tribe_rsvp_for_event":"","_tribe_ticket_going_count":"","_tribe_ticket_not_going_count":"","_tribe_tickets_list":"[]","_tribe_ticket_has_attendee_info_fields":false,"footnotes":"","_links_to":"","_links_to_target":""},"categories":[549,310,320,399,309],"tags":[],"class_list":["post-66383","post","type-post","status-publish","format-standard","has-post-thumbnail","hentry","category-ano-2023","category-destaque-grande","category-home","category-institucional","category-ultimas-noticias","entry","has-media"],"_links":{"self":[{"href":"https:\/\/crarn.org.br\/index.php?rest_route=\/wp\/v2\/posts\/66383","targetHints":{"allow":["GET"]}}],"collection":[{"href":"https:\/\/crarn.org.br\/index.php?rest_route=\/wp\/v2\/posts"}],"about":[{"href":"https:\/\/crarn.org.br\/index.php?rest_route=\/wp\/v2\/types\/post"}],"author":[{"embeddable":true,"href":"https:\/\/crarn.org.br\/index.php?rest_route=\/wp\/v2\/users\/26"}],"replies":[{"embeddable":true,"href":"https:\/\/crarn.org.br\/index.php?rest_route=%2Fwp%2Fv2%2Fcomments&post=66383"}],"version-history":[{"count":1,"href":"https:\/\/crarn.org.br\/index.php?rest_route=\/wp\/v2\/posts\/66383\/revisions"}],"predecessor-version":[{"id":66385,"href":"https:\/\/crarn.org.br\/index.php?rest_route=\/wp\/v2\/posts\/66383\/revisions\/66385"}],"wp:featuredmedia":[{"embeddable":true,"href":"https:\/\/crarn.org.br\/index.php?rest_route=\/wp\/v2\/media\/66384"}],"wp:attachment":[{"href":"https:\/\/crarn.org.br\/index.php?rest_route=%2Fwp%2Fv2%2Fmedia&parent=66383"}],"wp:term":[{"taxonomy":"category","embeddable":true,"href":"https:\/\/crarn.org.br\/index.php?rest_route=%2Fwp%2Fv2%2Fcategories&post=66383"},{"taxonomy":"post_tag","embeddable":true,"href":"https:\/\/crarn.org.br\/index.php?rest_route=%2Fwp%2Fv2%2Ftags&post=66383"}],"curies":[{"name":"wp","href":"https:\/\/api.w.org\/{rel}","templated":true}]}}