{"id":66378,"date":"2023-12-12T15:17:06","date_gmt":"2023-12-12T18:17:06","guid":{"rendered":"https:\/\/crarn.org.br\/?p=66378"},"modified":"2023-12-12T15:17:09","modified_gmt":"2023-12-12T18:17:09","slug":"comissao-adm-mulher-traca-projeto-de-mentoria","status":"publish","type":"post","link":"https:\/\/crarn.org.br\/?p=66378","title":{"rendered":"Comiss\u00e3o ADM Mulher tra\u00e7a projeto de mentoria"},"content":{"rendered":"\n<p>A comiss\u00e3o ADM Mulher do CRA-RN j\u00e1 est\u00e1 iniciando os trabalhos visando a implanta\u00e7\u00e3o do projeto de mentoria, que ser\u00e1 oferecido em 2024.<\/p>\n<p>Nesta segunda feira, a vice coordenadora e mentora do projeto, Adm. Alice Dantas se reuniu com as outras mentoras, as administradoras Simone Rom\u00e3o, C\u00e9lia Buarque e Sandra Campos para alinhar alguns pontos e a concluir a elabora\u00e7\u00e3o do documento que define as \u00e1reas, a quantidade de sess\u00f5es e de participantes, o calend\u00e1rio das sess\u00f5es etc.<\/p>\n<p>O programa de mentorias a ser implantado pela Comiss\u00e3o ADM Mulher foi inspirado em um projeto semelhante apresentado no F\u00f3rum de Mulheres que aconteceu juntamente com o ENBRA e conta com o apoio do presidente do CRA-RN, Adm. Fl\u00e1vio Em\u00edlio Cavalcanti e do conselheiro federal pelo RN, Adm. J\u00falio Rezende.<\/p>\n<button class=\"simplefavorite-button\" data-postid=\"66378\" data-siteid=\"1\" data-groupid=\"1\" data-favoritecount=\"0\" style=\"\">Favorite <i class=\"sf-icon-star-empty\"><\/i><\/button>","protected":false},"excerpt":{"rendered":"<p>A comiss\u00e3o ADM Mulher do CRA-RN j\u00e1 est\u00e1 iniciando os trabalhos visando a implanta\u00e7\u00e3o do projeto de mentoria, que ser\u00e1 oferecido em 2024. Nesta segunda feira, a vice coordenadora e mentora do projeto, Adm. Alice Dantas se reuniu com as outras mentoras, as administradoras Simone Rom\u00e3o, C\u00e9lia Buarque e Sandra Campos para alinhar alguns pontos<a class=\"read-more\" href=\"https:\/\/crarn.org.br\/?p=66378\"> [&hellip;]<\/a><\/p>\n","protected":false},"author":26,"featured_media":66379,"comment_status":"closed","ping_status":"open","sticky":true,"template":"","format":"standard","meta":{"_price":"","_stock":"","_tribe_ticket_header":"","_tribe_default_ticket_provider":"","_tribe_ticket_capacity":"0","_ticket_start_date":"","_ticket_end_date":"","_tribe_ticket_show_description":"","_tribe_ticket_show_not_going":false,"_tribe_ticket_use_global_stock":"","_tribe_ticket_global_stock_level":"","_global_stock_mode":"","_global_stock_cap":"","_tribe_rsvp_for_event":"","_tribe_ticket_going_count":"","_tribe_ticket_not_going_count":"","_tribe_tickets_list":"[]","_tribe_ticket_has_attendee_info_fields":false,"footnotes":"","_links_to":"","_links_to_target":""},"categories":[549,312,320,309],"tags":[],"class_list":["post-66378","post","type-post","status-publish","format-standard","has-post-thumbnail","hentry","category-ano-2023","category-destaque-pequeno-inferior","category-home","category-ultimas-noticias","entry","has-media"],"_links":{"self":[{"href":"https:\/\/crarn.org.br\/index.php?rest_route=\/wp\/v2\/posts\/66378","targetHints":{"allow":["GET"]}}],"collection":[{"href":"https:\/\/crarn.org.br\/index.php?rest_route=\/wp\/v2\/posts"}],"about":[{"href":"https:\/\/crarn.org.br\/index.php?rest_route=\/wp\/v2\/types\/post"}],"author":[{"embeddable":true,"href":"https:\/\/crarn.org.br\/index.php?rest_route=\/wp\/v2\/users\/26"}],"replies":[{"embeddable":true,"href":"https:\/\/crarn.org.br\/index.php?rest_route=%2Fwp%2Fv2%2Fcomments&post=66378"}],"version-history":[{"count":1,"href":"https:\/\/crarn.org.br\/index.php?rest_route=\/wp\/v2\/posts\/66378\/revisions"}],"predecessor-version":[{"id":66380,"href":"https:\/\/crarn.org.br\/index.php?rest_route=\/wp\/v2\/posts\/66378\/revisions\/66380"}],"wp:featuredmedia":[{"embeddable":true,"href":"https:\/\/crarn.org.br\/index.php?rest_route=\/wp\/v2\/media\/66379"}],"wp:attachment":[{"href":"https:\/\/crarn.org.br\/index.php?rest_route=%2Fwp%2Fv2%2Fmedia&parent=66378"}],"wp:term":[{"taxonomy":"category","embeddable":true,"href":"https:\/\/crarn.org.br\/index.php?rest_route=%2Fwp%2Fv2%2Fcategories&post=66378"},{"taxonomy":"post_tag","embeddable":true,"href":"https:\/\/crarn.org.br\/index.php?rest_route=%2Fwp%2Fv2%2Ftags&post=66378"}],"curies":[{"name":"wp","href":"https:\/\/api.w.org\/{rel}","templated":true}]}}