{"id":66374,"date":"2023-12-06T17:03:19","date_gmt":"2023-12-06T20:03:19","guid":{"rendered":"https:\/\/crarn.org.br\/?p=66374"},"modified":"2023-12-06T17:03:21","modified_gmt":"2023-12-06T20:03:21","slug":"cra-rn-pede-impugnacao-de-edital-de-concurso-do-dnit","status":"publish","type":"post","link":"https:\/\/crarn.org.br\/?p=66374","title":{"rendered":"CRA-RN pede impugna\u00e7\u00e3o de edital de concurso do DNIT"},"content":{"rendered":"\n<p>O CRA-RN entrou com pedido de imediata retifica\u00e7\u00e3o do Edital de Concurso P\u00fablico DNIT N\u00b0 01\/2023 &#8211; Departamento Nacional de Infraestrutura de Transportes (DNIT), publicado recentemente.<\/p>\n<p>Ap\u00f3s a an\u00e1lise do documento pelo setor de fiscaliza\u00e7\u00e3o do regional, foi constatado que na abertura de vaga para o cargo de Analista administrativo houve alguns equ\u00edvocos no item 3.1: o primeiro, relacionado \u00e0 especialidade nominada apenas como administrativo; segundo, relacionado \u00e0 exig\u00eancia &#8220;aberta&#8221; do cargo para qualquer diploma de curso superior e terceiro, pela falta da exig\u00eancia de registro no respectivo \u00f3rg\u00e3o regulamentador da profiss\u00e3o.<\/p>\n<p>Diante da quest\u00e3o e protegidos pela lei 4769\/65 que disp\u00f5e que \u00e9 vedado ao profissional com a forma\u00e7\u00e3o em outra \u00e1rea, exercer atividades privativas do Administrador, sob pena de incidir no exerc\u00edcio ilegal da profiss\u00e3o, o CRA-RN solicitou a imediata retifica\u00e7\u00e3o do edital no sentido de alterar a nomenclatura administrativo por administra\u00e7\u00e3o e restringir a exig\u00eancia para diplomas apenas em administra\u00e7\u00e3o, al\u00e9m de requerer a obrigatoriedade de registro profissional no \u00f3rg\u00e3o de classe.<\/p>\n<p>O DNIT recebeu um prazo para atender \u00e0 solicita\u00e7\u00e3o, realizando a retifica\u00e7\u00e3o do documento.<\/p>\n<p>Mesmo o \u00f3rg\u00e3o tendo sede em Bras\u00edlia, a exemplo do CRA-RN, outros regionais de Administra\u00e7\u00e3o tamb\u00e9m est\u00e3o entrando com pedido de impugna\u00e7\u00e3o do edital, como forma de fortalecer o movimento em defesa da profiss\u00e3o.<\/p>\n<button class=\"simplefavorite-button\" data-postid=\"66374\" data-siteid=\"1\" data-groupid=\"1\" data-favoritecount=\"0\" style=\"\">Favorite <i class=\"sf-icon-star-empty\"><\/i><\/button>","protected":false},"excerpt":{"rendered":"<p>O CRA-RN entrou com pedido de imediata retifica\u00e7\u00e3o do Edital de Concurso P\u00fablico DNIT N\u00b0 01\/2023 &#8211; Departamento Nacional de Infraestrutura de Transportes (DNIT), publicado recentemente. Ap\u00f3s a an\u00e1lise do documento pelo setor de fiscaliza\u00e7\u00e3o do regional, foi constatado que na abertura de vaga para o cargo de Analista administrativo houve alguns equ\u00edvocos no item<a class=\"read-more\" href=\"https:\/\/crarn.org.br\/?p=66374\"> [&hellip;]<\/a><\/p>\n","protected":false},"author":26,"featured_media":66375,"comment_status":"closed","ping_status":"open","sticky":true,"template":"","format":"standard","meta":{"_price":"","_stock":"","_tribe_ticket_header":"","_tribe_default_ticket_provider":"","_tribe_ticket_capacity":"0","_ticket_start_date":"","_ticket_end_date":"","_tribe_ticket_show_description":"","_tribe_ticket_show_not_going":false,"_tribe_ticket_use_global_stock":"","_tribe_ticket_global_stock_level":"","_global_stock_mode":"","_global_stock_cap":"","_tribe_rsvp_for_event":"","_tribe_ticket_going_count":"","_tribe_ticket_not_going_count":"","_tribe_tickets_list":"[]","_tribe_ticket_has_attendee_info_fields":false,"footnotes":"","_links_to":"","_links_to_target":""},"categories":[549,311,320,399,309],"tags":[],"class_list":["post-66374","post","type-post","status-publish","format-standard","has-post-thumbnail","hentry","category-ano-2023","category-destaque-pequeno-superior","category-home","category-institucional","category-ultimas-noticias","entry","has-media"],"_links":{"self":[{"href":"https:\/\/crarn.org.br\/index.php?rest_route=\/wp\/v2\/posts\/66374","targetHints":{"allow":["GET"]}}],"collection":[{"href":"https:\/\/crarn.org.br\/index.php?rest_route=\/wp\/v2\/posts"}],"about":[{"href":"https:\/\/crarn.org.br\/index.php?rest_route=\/wp\/v2\/types\/post"}],"author":[{"embeddable":true,"href":"https:\/\/crarn.org.br\/index.php?rest_route=\/wp\/v2\/users\/26"}],"replies":[{"embeddable":true,"href":"https:\/\/crarn.org.br\/index.php?rest_route=%2Fwp%2Fv2%2Fcomments&post=66374"}],"version-history":[{"count":1,"href":"https:\/\/crarn.org.br\/index.php?rest_route=\/wp\/v2\/posts\/66374\/revisions"}],"predecessor-version":[{"id":66376,"href":"https:\/\/crarn.org.br\/index.php?rest_route=\/wp\/v2\/posts\/66374\/revisions\/66376"}],"wp:featuredmedia":[{"embeddable":true,"href":"https:\/\/crarn.org.br\/index.php?rest_route=\/wp\/v2\/media\/66375"}],"wp:attachment":[{"href":"https:\/\/crarn.org.br\/index.php?rest_route=%2Fwp%2Fv2%2Fmedia&parent=66374"}],"wp:term":[{"taxonomy":"category","embeddable":true,"href":"https:\/\/crarn.org.br\/index.php?rest_route=%2Fwp%2Fv2%2Fcategories&post=66374"},{"taxonomy":"post_tag","embeddable":true,"href":"https:\/\/crarn.org.br\/index.php?rest_route=%2Fwp%2Fv2%2Ftags&post=66374"}],"curies":[{"name":"wp","href":"https:\/\/api.w.org\/{rel}","templated":true}]}}