{"id":66368,"date":"2023-12-06T14:47:49","date_gmt":"2023-12-06T17:47:49","guid":{"rendered":"https:\/\/crarn.org.br\/?p=66368"},"modified":"2023-12-06T14:50:44","modified_gmt":"2023-12-06T17:50:44","slug":"comissao-adm-mulher-do-cra-rn-planeja-2024","status":"publish","type":"post","link":"https:\/\/crarn.org.br\/?p=66368","title":{"rendered":"Comiss\u00e3o ADM Mulher do CRA-RN planeja 2024"},"content":{"rendered":"\n<p>Na \u00faltima segunda-feira (04\/12), a Comiss\u00e3o ADM Mulher do CRA-RN realizou a \u00faltima reuni\u00e3o do ano de 2023.<\/p>\n<p>A reuni\u00e3o foi iniciada com uma apresenta\u00e7\u00e3o de todas as participantes, seguida pela coordenadora da comiss\u00e3o, Adm. Ione Salem, que fez um relato sobre as a\u00e7\u00f5es j\u00e1 realizadas pelo grupo, as necessidades identificadas e o seu entusiasmo com a participa\u00e7\u00e3o de todas e o apoio que o presidente, Adm. Fl\u00e1vio Em\u00edlio, vem dando \u00e0 comiss\u00e3o.<\/p>\n<p>As discuss\u00f5es giraram em torno das novas a\u00e7\u00f5es a serem implementadas em 2024, tendo como foco principal, um programa de mentorias, inspirado em projeto semelhante apresentado durante o XXVIII Encontro Brasileiro de Administra\u00e7\u00e3o \u2013 ENBRA, realizado, recentemente, em Belo Horizonte.<\/p>\n<p>Ao longo do encontro foi feito um alinhamento geral sobre o projeto \u2013 cuja ideia j\u00e1 havia sido lan\u00e7ada em uma reuni\u00e3o anterior do grupo \u2013 e discutidos os objetivos, o p\u00fablico-alvo e o cronograma de execu\u00e7\u00e3o. O pr\u00f3ximo passo ser\u00e1 uma reuni\u00e3o com as mentoras.<\/p>\n<p>Ap\u00f3s o final das discuss\u00f5es, houve um momento de integra\u00e7\u00e3o e confraterniza\u00e7\u00e3o natalina entre o grupo.<\/p>\n<p>Al\u00e9m da coordenadora, Adm. Ione Salem, participaram do encontro, a vice coordenadora, Adm. Alice Dantas, as administradoras Simone Rom\u00e3o, Chirley Ara\u00fajo, C\u00e9lia Buarque, Maria das Neves Maia, Silvana Avelar, Lidiane Pessoa e, T\u00e2mara Souza e Sandra Campos que vieram somar ao grupo, assim como a Assessora de Comunica\u00e7\u00e3o do CRA-RN, a jornalista Marilia Tin\u00f4co.<\/p>\n<p>\u00a0<\/p>\n<button class=\"simplefavorite-button\" data-postid=\"66368\" data-siteid=\"1\" data-groupid=\"1\" data-favoritecount=\"0\" style=\"\">Favorite <i class=\"sf-icon-star-empty\"><\/i><\/button>","protected":false},"excerpt":{"rendered":"<p>Na \u00faltima segunda-feira (04\/12), a Comiss\u00e3o ADM Mulher do CRA-RN realizou a \u00faltima reuni\u00e3o do ano de 2023. A reuni\u00e3o foi iniciada com uma apresenta\u00e7\u00e3o de todas as participantes, seguida pela coordenadora da comiss\u00e3o, Adm. Ione Salem, que fez um relato sobre as a\u00e7\u00f5es j\u00e1 realizadas pelo grupo, as necessidades identificadas e o seu entusiasmo<a class=\"read-more\" href=\"https:\/\/crarn.org.br\/?p=66368\"> [&hellip;]<\/a><\/p>\n","protected":false},"author":26,"featured_media":66369,"comment_status":"closed","ping_status":"open","sticky":true,"template":"","format":"standard","meta":{"_price":"","_stock":"","_tribe_ticket_header":"","_tribe_default_ticket_provider":"","_tribe_ticket_capacity":"0","_ticket_start_date":"","_ticket_end_date":"","_tribe_ticket_show_description":"","_tribe_ticket_show_not_going":false,"_tribe_ticket_use_global_stock":"","_tribe_ticket_global_stock_level":"","_global_stock_mode":"","_global_stock_cap":"","_tribe_rsvp_for_event":"","_tribe_ticket_going_count":"","_tribe_ticket_not_going_count":"","_tribe_tickets_list":"[]","_tribe_ticket_has_attendee_info_fields":false,"footnotes":"","_links_to":"","_links_to_target":""},"categories":[549,312,320,399,309],"tags":[],"class_list":["post-66368","post","type-post","status-publish","format-standard","has-post-thumbnail","hentry","category-ano-2023","category-destaque-pequeno-inferior","category-home","category-institucional","category-ultimas-noticias","entry","has-media"],"_links":{"self":[{"href":"https:\/\/crarn.org.br\/index.php?rest_route=\/wp\/v2\/posts\/66368","targetHints":{"allow":["GET"]}}],"collection":[{"href":"https:\/\/crarn.org.br\/index.php?rest_route=\/wp\/v2\/posts"}],"about":[{"href":"https:\/\/crarn.org.br\/index.php?rest_route=\/wp\/v2\/types\/post"}],"author":[{"embeddable":true,"href":"https:\/\/crarn.org.br\/index.php?rest_route=\/wp\/v2\/users\/26"}],"replies":[{"embeddable":true,"href":"https:\/\/crarn.org.br\/index.php?rest_route=%2Fwp%2Fv2%2Fcomments&post=66368"}],"version-history":[{"count":3,"href":"https:\/\/crarn.org.br\/index.php?rest_route=\/wp\/v2\/posts\/66368\/revisions"}],"predecessor-version":[{"id":66372,"href":"https:\/\/crarn.org.br\/index.php?rest_route=\/wp\/v2\/posts\/66368\/revisions\/66372"}],"wp:featuredmedia":[{"embeddable":true,"href":"https:\/\/crarn.org.br\/index.php?rest_route=\/wp\/v2\/media\/66369"}],"wp:attachment":[{"href":"https:\/\/crarn.org.br\/index.php?rest_route=%2Fwp%2Fv2%2Fmedia&parent=66368"}],"wp:term":[{"taxonomy":"category","embeddable":true,"href":"https:\/\/crarn.org.br\/index.php?rest_route=%2Fwp%2Fv2%2Fcategories&post=66368"},{"taxonomy":"post_tag","embeddable":true,"href":"https:\/\/crarn.org.br\/index.php?rest_route=%2Fwp%2Fv2%2Ftags&post=66368"}],"curies":[{"name":"wp","href":"https:\/\/api.w.org\/{rel}","templated":true}]}}