{"id":66360,"date":"2023-12-05T15:54:44","date_gmt":"2023-12-05T18:54:44","guid":{"rendered":"https:\/\/crarn.org.br\/?p=66360"},"modified":"2023-12-05T15:54:46","modified_gmt":"2023-12-05T18:54:46","slug":"cra-rn-e-destaque-em-avaliacao-do-sistema-cfa-cras","status":"publish","type":"post","link":"https:\/\/crarn.org.br\/?p=66360","title":{"rendered":"CRA-RN \u00e9 destaque em avalia\u00e7\u00e3o do Sistema CFA\/CRAs"},"content":{"rendered":"\n<p>O presidente do CRA-RN, Adm. Fl\u00e1vio Em\u00edlio Cavalcanti, continua em Bras\u00edlia, participando de 5\u00ba F\u00f3rum de Presidentes, onde teve uma \u00f3tima not\u00edcia.<\/p>\n<p>Durante o encontro, o Sistema CFA\/CRAs divulgou uma avalia\u00e7\u00e3o de performance dos regionais e o CRA-RN ficou em 1\u00ba lugar nacional em dois dos sete indicadores: velocidade de fiscaliza\u00e7\u00e3o e taxa de recupera\u00e7\u00e3o da D\u00edvida Ativa.<\/p>\n<p>Com esta pontua\u00e7\u00e3o, o CRA-RN ficou em 4\u00ba lugar geral no ranking nacional com uma pontua\u00e7\u00e3o final de 4,59, acima da m\u00e9dia nacional que foi de 3,49.<\/p>\n<p>O presidente, Adm. Fl\u00e1vio Em\u00edlio, comemorou a pontua\u00e7\u00e3o e falou da grata satisfa\u00e7\u00e3o para o regional, ter um desempenho t\u00e3o destacado no cen\u00e1rio nacional. \u201cSer destaque nestes dois indicadores mostra que estamos no caminho certo, focando nas prioridades que fazem a diferen\u00e7a e justificam o motivo pelo qual o conselho foi criado. \u00c9 um resultado que muito nos alegra, mas que, mostra que devemos continuar a priorizar estes indicadores e manter o foco e a efici\u00eancia nos processos, para conseguirmos resultados ainda melhores\u201d, afirmou.<\/p>\n<p>\u00a0<\/p>\n<p><strong>Entenda melhor os indicadores<\/strong><\/p>\n<p>\u00a0<\/p>\n<p>A velocidade no processamento da fiscaliza\u00e7\u00e3o reflete a agilidade do Conselho em lidar com a atividade final\u00edstica.<\/p>\n<p>A celeridade na resolu\u00e7\u00e3o desses processos n\u00e3o apenas protege os interesses do Conselho, mas tamb\u00e9m de toda a comunidade, refor\u00e7ando a import\u00e2ncia do cumprimento das normas e regulamenta\u00e7\u00f5es no \u00e2mbito da Administra\u00e7\u00e3o.<\/p>\n<p>A taxa de recupera\u00e7\u00e3o da D\u00edvida Ativa \u00e9 um indicador que revela a capacidade da institui\u00e7\u00e3o em converter passivos em receitas recuperadas.<\/p>\n<p>Uma taxa de recupera\u00e7\u00e3o s\u00f3lida n\u00e3o apenas otimiza as receitas, mas tamb\u00e9m fortalece a posi\u00e7\u00e3o financeira do Conselho, permitindo investimentos em iniciativas que beneficiam diretamente a comunidade dos profissionais de Administra\u00e7\u00e3o.<\/p>\n<button class=\"simplefavorite-button\" data-postid=\"66360\" data-siteid=\"1\" data-groupid=\"1\" data-favoritecount=\"0\" style=\"\">Favorite <i class=\"sf-icon-star-empty\"><\/i><\/button>","protected":false},"excerpt":{"rendered":"<p>O presidente do CRA-RN, Adm. Fl\u00e1vio Em\u00edlio Cavalcanti, continua em Bras\u00edlia, participando de 5\u00ba F\u00f3rum de Presidentes, onde teve uma \u00f3tima not\u00edcia. Durante o encontro, o Sistema CFA\/CRAs divulgou uma avalia\u00e7\u00e3o de performance dos regionais e o CRA-RN ficou em 1\u00ba lugar nacional em dois dos sete indicadores: velocidade de fiscaliza\u00e7\u00e3o e taxa de recupera\u00e7\u00e3o<a class=\"read-more\" href=\"https:\/\/crarn.org.br\/?p=66360\"> [&hellip;]<\/a><\/p>\n","protected":false},"author":26,"featured_media":66361,"comment_status":"closed","ping_status":"open","sticky":true,"template":"","format":"standard","meta":{"_price":"","_stock":"","_tribe_ticket_header":"","_tribe_default_ticket_provider":"","_tribe_ticket_capacity":"0","_ticket_start_date":"","_ticket_end_date":"","_tribe_ticket_show_description":"","_tribe_ticket_show_not_going":false,"_tribe_ticket_use_global_stock":"","_tribe_ticket_global_stock_level":"","_global_stock_mode":"","_global_stock_cap":"","_tribe_rsvp_for_event":"","_tribe_ticket_going_count":"","_tribe_ticket_not_going_count":"","_tribe_tickets_list":"[]","_tribe_ticket_has_attendee_info_fields":false,"footnotes":"","_links_to":"","_links_to_target":""},"categories":[549,310,320,399,309],"tags":[],"class_list":["post-66360","post","type-post","status-publish","format-standard","has-post-thumbnail","hentry","category-ano-2023","category-destaque-grande","category-home","category-institucional","category-ultimas-noticias","entry","has-media"],"_links":{"self":[{"href":"https:\/\/crarn.org.br\/index.php?rest_route=\/wp\/v2\/posts\/66360","targetHints":{"allow":["GET"]}}],"collection":[{"href":"https:\/\/crarn.org.br\/index.php?rest_route=\/wp\/v2\/posts"}],"about":[{"href":"https:\/\/crarn.org.br\/index.php?rest_route=\/wp\/v2\/types\/post"}],"author":[{"embeddable":true,"href":"https:\/\/crarn.org.br\/index.php?rest_route=\/wp\/v2\/users\/26"}],"replies":[{"embeddable":true,"href":"https:\/\/crarn.org.br\/index.php?rest_route=%2Fwp%2Fv2%2Fcomments&post=66360"}],"version-history":[{"count":1,"href":"https:\/\/crarn.org.br\/index.php?rest_route=\/wp\/v2\/posts\/66360\/revisions"}],"predecessor-version":[{"id":66362,"href":"https:\/\/crarn.org.br\/index.php?rest_route=\/wp\/v2\/posts\/66360\/revisions\/66362"}],"wp:featuredmedia":[{"embeddable":true,"href":"https:\/\/crarn.org.br\/index.php?rest_route=\/wp\/v2\/media\/66361"}],"wp:attachment":[{"href":"https:\/\/crarn.org.br\/index.php?rest_route=%2Fwp%2Fv2%2Fmedia&parent=66360"}],"wp:term":[{"taxonomy":"category","embeddable":true,"href":"https:\/\/crarn.org.br\/index.php?rest_route=%2Fwp%2Fv2%2Fcategories&post=66360"},{"taxonomy":"post_tag","embeddable":true,"href":"https:\/\/crarn.org.br\/index.php?rest_route=%2Fwp%2Fv2%2Ftags&post=66360"}],"curies":[{"name":"wp","href":"https:\/\/api.w.org\/{rel}","templated":true}]}}