{"id":66349,"date":"2023-11-29T16:51:25","date_gmt":"2023-11-29T19:51:25","guid":{"rendered":"https:\/\/crarn.org.br\/?p=66349"},"modified":"2023-11-29T18:48:26","modified_gmt":"2023-11-29T21:48:26","slug":"cra-rn-leva-o-premio-guerreiro-ramos-pela-segunda-vez","status":"publish","type":"post","link":"https:\/\/crarn.org.br\/?p=66349","title":{"rendered":"CRA-RN leva o Pr\u00eamio Guerreiro Ramos pela segunda vez"},"content":{"rendered":"\n<p>No in\u00edcio desta semana o Conselho Federal de Administra\u00e7\u00e3o-CFA divulgou o resultado do Pr\u00eamio CFA Guerreiro Ramos \u2013 edi\u00e7\u00e3o 2023.<\/p>\n<p>A estudante Dayane Caroliny Pereira, estudante do 4\u00ba per\u00edodo do curso de Tecnologia em Gest\u00e3o P\u00fablica do IFRN e registrada no CRA-RN Jovem, conquistou o 1\u00ba lugar da categoria \u00a0<\/p>\n<p>\u00c9 a segunda vez que o CRA-RN chega ao podium do pr\u00eamio, nesta categoria. Em 2021, a estudante La\u00eds St\u00e9phanie Baz\u00edlio da Silva, tamb\u00e9m foi vencedora.<\/p>\n<p>O Pr\u00eamio Guerreiro Ramos visa estimular o desenvolvimento e o compartilhamento de pr\u00e1ticas inovadoras de gest\u00e3o e de pesquisas cient\u00edficas na \u00e1rea da Administra\u00e7\u00e3o P\u00fablica, atrav\u00e9s do reconhecimento de trabalhos que sirvam de refer\u00eancia ou de inspira\u00e7\u00e3o para outras iniciativas capazes de transformar e melhorar continuamente a gest\u00e3o p\u00fablica brasileira.<\/p>\n<p>O artigo de Dayane Caroliny, com o tema \u201cA Influ\u00eancia da Capacidade Absortiva Sobre o Desempenho do Programa Previne Brasil nas Capitais Brasileiras\u201d, foi o vencedor na categoria \u201cPesquisa Cient\u00edfica\u201d e teve como orientador da pesquisa, o professor Dr. Miler Franco D&#8217;Anjour.<\/p>\n<p>O trabalho foi feito especialmente para concorrer ao pr\u00eamio, por sugest\u00e3o do professor Miler, que teve como est\u00edmulo, o fato de uma aluna da mesma institui\u00e7\u00e3o j\u00e1 ter sido vencedora, no caso, La\u00eds St\u00e9phanie. Dayane foi a \u00fanica aluna do grupo que se interessou em participar do pr\u00eamio e passou a trabalhar por cerca de quatro meses, aguardando a publica\u00e7\u00e3o do edital.<\/p>\n<p>Ao falar sobre a escolha do tema, ela afirmou que \u00e9 uma estudiosa da \u00e1rea de sa\u00fade. \u201cGosto muito da \u00e1rea, pesquiso muito e leio muito sobre o assunto, principalmente a sa\u00fade p\u00fablica. E estudar a Gest\u00e3o P\u00fablica da \u00e1rea da sa\u00fade, para mim, \u00e9 o m\u00e1ximo, tenho muita paix\u00e3o\u201d, declarou.<\/p>\n<p>O resultado do concurso foi muito esperado e, a princ\u00edpio, Dayane n\u00e3o acreditou quando viu a sua classifica\u00e7\u00e3o. \u201cTive que abrir o site duas vezes para acreditar\u201d, contou.<\/p>\n<p>Perguntada sobre o futuro a partir deste pr\u00eamio, a aluna falou que vai continuar estudando a \u00e1rea da sa\u00fade. \u201cVou ver como eu posso contribuir para a sa\u00fade p\u00fablica, atrav\u00e9s do estudo das teorias, das capacidades din\u00e2micas absortivas e das pol\u00edticas p\u00fablicas da sa\u00fade e fazer meu doutorado\u201d, planejou<\/p>\n<p>Como vencedora da categoria, a aluna receber\u00e1 um pr\u00eamio no valor de R$ 6.000,00, um trof\u00e9u e um selo de reconhecimento do CFA. O professor orientador, Dr. Miler Franco D&#8217;Anjour, receber\u00e1 uma Men\u00e7\u00e3o Honrosa.<\/p>\n<p>\u00a0<\/p>\n<p><strong>A pesquisa<\/strong><\/p>\n<p>Para quem n\u00e3o conhece, o Programa Previne Brasil \u00e9 o novo modelo de financiamento da Aten\u00e7\u00e3o Prim\u00e1ria, que equilibra valores financeiros per capita referentes \u00e0 popula\u00e7\u00e3o efetivamente cadastrada nas equipes de Sa\u00fade da Fam\u00edlia (eSF) e de Aten\u00e7\u00e3o Prim\u00e1ria (eAP), com o grau de desempenho assistencial das equipes somado a incentivos espec\u00edficos, como amplia\u00e7\u00e3o do hor\u00e1rio de atendimento (Programa Sa\u00fade na Hora), equipes de sa\u00fade bucal, informatiza\u00e7\u00e3o (Informatiza APS), equipes de Consult\u00f3rio na Rua, equipes que est\u00e3o como campo de pr\u00e1tica para forma\u00e7\u00e3o de residentes na APS, entre outros tantos programas.<\/p>\n<p>O estudo consistiu, inicialmente, em estudar os indicadores, as pol\u00edticas p\u00fablicas de aten\u00e7\u00e3o prim\u00e1ria \u00e0 sa\u00fade, toda a parte te\u00f3rica. E teve como objetivo avaliar a influ\u00eancia das capacidades absortivas sobre o desempenho da Aten\u00e7\u00e3o Prim\u00e1ria \u00e0 Sa\u00fade a partir do Indicador Sint\u00e9tico Final (ISF) nas capitais do Brasil nos anos de 2021 e 2022.<\/p>\n<p>\u00a0<\/p>\n<p><strong>Curr\u00edculo<\/strong><\/p>\n<p>Dayane tem 32 anos e faz est\u00e1gio na FUNCERN. Tem gradua\u00e7\u00e3o em Enfermagem (UFRN), Mestrado em Sa\u00fade Coletiva (UFRN), \u00e9 p\u00f3s-graduanda em Sa\u00fade Digital (UFG) e Graduanda em Tecnologia em Gest\u00e3o P\u00fablica (IFRN).<\/p>\n<p>\u00a0<\/p>\n<button class=\"simplefavorite-button\" data-postid=\"66349\" data-siteid=\"1\" data-groupid=\"1\" data-favoritecount=\"0\" style=\"\">Favorite <i class=\"sf-icon-star-empty\"><\/i><\/button>","protected":false},"excerpt":{"rendered":"<p>No in\u00edcio desta semana o Conselho Federal de Administra\u00e7\u00e3o-CFA divulgou o resultado do Pr\u00eamio CFA Guerreiro Ramos \u2013 edi\u00e7\u00e3o 2023. A estudante Dayane Caroliny Pereira, estudante do 4\u00ba per\u00edodo do curso de Tecnologia em Gest\u00e3o P\u00fablica do IFRN e registrada no CRA-RN Jovem, conquistou o 1\u00ba lugar da categoria \u00a0 \u00c9 a segunda vez que<a class=\"read-more\" href=\"https:\/\/crarn.org.br\/?p=66349\"> [&hellip;]<\/a><\/p>\n","protected":false},"author":26,"featured_media":66352,"comment_status":"closed","ping_status":"open","sticky":true,"template":"","format":"standard","meta":{"_price":"","_stock":"","_tribe_ticket_header":"","_tribe_default_ticket_provider":"","_tribe_ticket_capacity":"0","_ticket_start_date":"","_ticket_end_date":"","_tribe_ticket_show_description":"","_tribe_ticket_show_not_going":false,"_tribe_ticket_use_global_stock":"","_tribe_ticket_global_stock_level":"","_global_stock_mode":"","_global_stock_cap":"","_tribe_rsvp_for_event":"","_tribe_ticket_going_count":"","_tribe_ticket_not_going_count":"","_tribe_tickets_list":"[]","_tribe_ticket_has_attendee_info_fields":false,"footnotes":"","_links_to":"","_links_to_target":""},"categories":[549,310,320,399,309],"tags":[],"class_list":["post-66349","post","type-post","status-publish","format-standard","has-post-thumbnail","hentry","category-ano-2023","category-destaque-grande","category-home","category-institucional","category-ultimas-noticias","entry","has-media"],"_links":{"self":[{"href":"https:\/\/crarn.org.br\/index.php?rest_route=\/wp\/v2\/posts\/66349","targetHints":{"allow":["GET"]}}],"collection":[{"href":"https:\/\/crarn.org.br\/index.php?rest_route=\/wp\/v2\/posts"}],"about":[{"href":"https:\/\/crarn.org.br\/index.php?rest_route=\/wp\/v2\/types\/post"}],"author":[{"embeddable":true,"href":"https:\/\/crarn.org.br\/index.php?rest_route=\/wp\/v2\/users\/26"}],"replies":[{"embeddable":true,"href":"https:\/\/crarn.org.br\/index.php?rest_route=%2Fwp%2Fv2%2Fcomments&post=66349"}],"version-history":[{"count":2,"href":"https:\/\/crarn.org.br\/index.php?rest_route=\/wp\/v2\/posts\/66349\/revisions"}],"predecessor-version":[{"id":66353,"href":"https:\/\/crarn.org.br\/index.php?rest_route=\/wp\/v2\/posts\/66349\/revisions\/66353"}],"wp:featuredmedia":[{"embeddable":true,"href":"https:\/\/crarn.org.br\/index.php?rest_route=\/wp\/v2\/media\/66352"}],"wp:attachment":[{"href":"https:\/\/crarn.org.br\/index.php?rest_route=%2Fwp%2Fv2%2Fmedia&parent=66349"}],"wp:term":[{"taxonomy":"category","embeddable":true,"href":"https:\/\/crarn.org.br\/index.php?rest_route=%2Fwp%2Fv2%2Fcategories&post=66349"},{"taxonomy":"post_tag","embeddable":true,"href":"https:\/\/crarn.org.br\/index.php?rest_route=%2Fwp%2Fv2%2Ftags&post=66349"}],"curies":[{"name":"wp","href":"https:\/\/api.w.org\/{rel}","templated":true}]}}