{"id":66345,"date":"2023-11-24T16:32:17","date_gmt":"2023-11-24T19:32:17","guid":{"rendered":"https:\/\/crarn.org.br\/?p=66345"},"modified":"2023-11-24T16:32:19","modified_gmt":"2023-11-24T19:32:19","slug":"vii-fogesp-discute-a-transparencia-na-gestao-publica","status":"publish","type":"post","link":"https:\/\/crarn.org.br\/?p=66345","title":{"rendered":"VII FOGESP discute a transpar\u00eancia na gest\u00e3o p\u00fablica"},"content":{"rendered":"\n<p>O VII F\u00f3rum de Gest\u00e3o P\u00fablica da Para\u00edba (VII FOGESP) est\u00e1 acontecendo em Campina Grande, nestes dias 23 e 24 de novembro.<\/p>\n<p>Ontem foi realizado o Workshop de Gest\u00e3o P\u00fablica do Sistema CFA\/CRAs, realizado em parceria com o Conselho Federal de Administra\u00e7\u00e3o (CFA) e, hoje aconteceu a abertura oficial do FOGESP que tem foco na discuss\u00e3o sobre Transpar\u00eancia e Compliance na Gest\u00e3o P\u00fablica\u201d, al\u00e9m da Premia\u00e7\u00e3o do \u00cdndice IGM\/CFA de Governan\u00e7a P\u00fablica.<\/p>\n<p>O presidente do CRA-RN, Adm. Fl\u00e1vio Em\u00edlio Cavalcanti e os conselheiros Adm. Alysson Ara\u00fajo e Adm. Di\u00eago Dantas, est\u00e3o participando do F\u00f3rum.<\/p>\n<p>Nesta sexta-feira, o presidente, Adm. Fl\u00e1vio Em\u00edlio entregou o certificado de palestrante \u00e0 Diretora de Inova\u00e7\u00e3o Governamental do Minist\u00e9rio da Gest\u00e3o e da Inova\u00e7\u00e3o em Servi\u00e7os P\u00fablicos, Claudia Wehbe, que falou sobre &#8220;Inova\u00e7\u00e3o na Gest\u00e3o P\u00fablica&#8221;.<\/p>\n<p>A programa\u00e7\u00e3o incluiu, ainda, os temas &#8220;&#8216;Transpar\u00eancia dos dados na Gest\u00e3o de Transporte e Tr\u00e2nsito&#8221; com o Secret\u00e1rio de Sa\u00fade de Campina Grande, Adm. Dunga J\u00fanior e &#8221; Ferramentas de controle social e transpar\u00eancia&#8221; com o Presidente do Tribunal de Contas do Estado da Para\u00edba, Conselheiro Ant\u00f4nio Nominando Diniz<\/p>\n<p>Ao final, houve a Premia\u00e7\u00e3o das prefeituras paraibanas com melhor performance no \u00cdndice IGM\/CFA de Governan\u00e7a P\u00fablica. As ganhadoras foram distribu\u00eddas em sete grupos, de acordo com o n\u00famero de habitantes.<\/p>\n<p>Receberam a premia\u00e7\u00e3o as cidades de Sum\u00e9, S\u00e3o Jos\u00e9 do Sabugi, S\u00e3o Bento, Monteiro, Guarabira, Cabedelo e Jo\u00e3o Pessoa. Foi feita uma premia\u00e7\u00e3o pela coloca\u00e7\u00e3o geral no \u00cdndice, entregue \u00e0 cidade anfitri\u00e3 do evento, Campina Grande.<\/p>\n<p>\u00a0<\/p>\n<button class=\"simplefavorite-button\" data-postid=\"66345\" data-siteid=\"1\" data-groupid=\"1\" data-favoritecount=\"0\" style=\"\">Favorite <i class=\"sf-icon-star-empty\"><\/i><\/button>","protected":false},"excerpt":{"rendered":"<p>O VII F\u00f3rum de Gest\u00e3o P\u00fablica da Para\u00edba (VII FOGESP) est\u00e1 acontecendo em Campina Grande, nestes dias 23 e 24 de novembro. Ontem foi realizado o Workshop de Gest\u00e3o P\u00fablica do Sistema CFA\/CRAs, realizado em parceria com o Conselho Federal de Administra\u00e7\u00e3o (CFA) e, hoje aconteceu a abertura oficial do FOGESP que tem foco na<a class=\"read-more\" href=\"https:\/\/crarn.org.br\/?p=66345\"> [&hellip;]<\/a><\/p>\n","protected":false},"author":26,"featured_media":66346,"comment_status":"closed","ping_status":"open","sticky":true,"template":"","format":"standard","meta":{"_price":"","_stock":"","_tribe_ticket_header":"","_tribe_default_ticket_provider":"","_tribe_ticket_capacity":"0","_ticket_start_date":"","_ticket_end_date":"","_tribe_ticket_show_description":"","_tribe_ticket_show_not_going":false,"_tribe_ticket_use_global_stock":"","_tribe_ticket_global_stock_level":"","_global_stock_mode":"","_global_stock_cap":"","_tribe_rsvp_for_event":"","_tribe_ticket_going_count":"","_tribe_ticket_not_going_count":"","_tribe_tickets_list":"[]","_tribe_ticket_has_attendee_info_fields":false,"footnotes":"","_links_to":"","_links_to_target":""},"categories":[549,311,320,399,309],"tags":[],"class_list":["post-66345","post","type-post","status-publish","format-standard","has-post-thumbnail","hentry","category-ano-2023","category-destaque-pequeno-superior","category-home","category-institucional","category-ultimas-noticias","entry","has-media"],"_links":{"self":[{"href":"https:\/\/crarn.org.br\/index.php?rest_route=\/wp\/v2\/posts\/66345","targetHints":{"allow":["GET"]}}],"collection":[{"href":"https:\/\/crarn.org.br\/index.php?rest_route=\/wp\/v2\/posts"}],"about":[{"href":"https:\/\/crarn.org.br\/index.php?rest_route=\/wp\/v2\/types\/post"}],"author":[{"embeddable":true,"href":"https:\/\/crarn.org.br\/index.php?rest_route=\/wp\/v2\/users\/26"}],"replies":[{"embeddable":true,"href":"https:\/\/crarn.org.br\/index.php?rest_route=%2Fwp%2Fv2%2Fcomments&post=66345"}],"version-history":[{"count":1,"href":"https:\/\/crarn.org.br\/index.php?rest_route=\/wp\/v2\/posts\/66345\/revisions"}],"predecessor-version":[{"id":66347,"href":"https:\/\/crarn.org.br\/index.php?rest_route=\/wp\/v2\/posts\/66345\/revisions\/66347"}],"wp:featuredmedia":[{"embeddable":true,"href":"https:\/\/crarn.org.br\/index.php?rest_route=\/wp\/v2\/media\/66346"}],"wp:attachment":[{"href":"https:\/\/crarn.org.br\/index.php?rest_route=%2Fwp%2Fv2%2Fmedia&parent=66345"}],"wp:term":[{"taxonomy":"category","embeddable":true,"href":"https:\/\/crarn.org.br\/index.php?rest_route=%2Fwp%2Fv2%2Fcategories&post=66345"},{"taxonomy":"post_tag","embeddable":true,"href":"https:\/\/crarn.org.br\/index.php?rest_route=%2Fwp%2Fv2%2Ftags&post=66345"}],"curies":[{"name":"wp","href":"https:\/\/api.w.org\/{rel}","templated":true}]}}