{"id":66341,"date":"2023-11-23T15:46:32","date_gmt":"2023-11-23T18:46:32","guid":{"rendered":"https:\/\/crarn.org.br\/?p=66341"},"modified":"2023-11-23T15:46:33","modified_gmt":"2023-11-23T18:46:33","slug":"cra-rn-marca-presenca-no-forum-de-gestao-publica-da-paraiba","status":"publish","type":"post","link":"https:\/\/crarn.org.br\/?p=66341","title":{"rendered":"CRA-RN marca presen\u00e7a no F\u00f3rum de Gest\u00e3o P\u00fablica da Para\u00edba"},"content":{"rendered":"\n<p>O CRA-PB est\u00e1 realizando o VII F\u00f3rum de Gest\u00e3o P\u00fablica da Para\u00edba \u2013 FOGESP, nesta quinta e sexta-feira, em Campina Grande com a participa\u00e7\u00e3o de representantes do CRA-RN.<\/p>\n<p>Est\u00e3o em Campina Grande, o presidente, Adm. Fl\u00e1vio Em\u00edlio Cavalcanti e os conselheiros Adm. Alysson Ara\u00fajo e Adm. Di\u00eago Dantas, onde foram recebidos pelo presidente do CRA-PB, Adm. Marcos Kalebbe.<\/p>\n<p>Nesta quinta-feira, a programa\u00e7\u00e3o \u00e9 exclusiva para profissionais registrados e est\u00e1 focada no Wokshop de Gest\u00e3o P\u00fablica do Sistema CFA\/CRAs, com apresenta\u00e7\u00e3o e navega\u00e7\u00e3o da ferramenta IGM-CFA e atividade pr\u00e1tica de elabora\u00e7\u00e3o de diagn\u00f3stico de um munic\u00edpio.<\/p>\n<p>No segundo dia, acontece o FOGESP, aberto ao p\u00fablico em geral, que tem como tema central \u201cTranspar\u00eancia e Compliance na Gest\u00e3o P\u00fablica\u201c e inclui palestras sobre \u201cTranspar\u00eancia dos dados na Gest\u00e3o de Transporte e Tr\u00e2nsito\u201d, \u201cFerramentas de controle social e transpar\u00eancia\u201d e \u201cInova\u00e7\u00e3o na Gest\u00e3o P\u00fablica\u201d, terminando com a premia\u00e7\u00e3o do \u00cdndice IGM\/CFA de Governan\u00e7a P\u00fablica.<\/p>\n<p>\u00a0<\/p>\n<p>\u00a0<\/p>\n<button class=\"simplefavorite-button\" data-postid=\"66341\" data-siteid=\"1\" data-groupid=\"1\" data-favoritecount=\"0\" style=\"\">Favorite <i class=\"sf-icon-star-empty\"><\/i><\/button>","protected":false},"excerpt":{"rendered":"<p>O CRA-PB est\u00e1 realizando o VII F\u00f3rum de Gest\u00e3o P\u00fablica da Para\u00edba \u2013 FOGESP, nesta quinta e sexta-feira, em Campina Grande com a participa\u00e7\u00e3o de representantes do CRA-RN. Est\u00e3o em Campina Grande, o presidente, Adm. Fl\u00e1vio Em\u00edlio Cavalcanti e os conselheiros Adm. Alysson Ara\u00fajo e Adm. Di\u00eago Dantas, onde foram recebidos pelo presidente do CRA-PB,<a class=\"read-more\" href=\"https:\/\/crarn.org.br\/?p=66341\"> [&hellip;]<\/a><\/p>\n","protected":false},"author":26,"featured_media":66342,"comment_status":"closed","ping_status":"open","sticky":true,"template":"","format":"standard","meta":{"_price":"","_stock":"","_tribe_ticket_header":"","_tribe_default_ticket_provider":"","_tribe_ticket_capacity":"0","_ticket_start_date":"","_ticket_end_date":"","_tribe_ticket_show_description":"","_tribe_ticket_show_not_going":false,"_tribe_ticket_use_global_stock":"","_tribe_ticket_global_stock_level":"","_global_stock_mode":"","_global_stock_cap":"","_tribe_rsvp_for_event":"","_tribe_ticket_going_count":"","_tribe_ticket_not_going_count":"","_tribe_tickets_list":"[]","_tribe_ticket_has_attendee_info_fields":false,"footnotes":"","_links_to":"","_links_to_target":""},"categories":[549,310,320,399,309],"tags":[],"class_list":["post-66341","post","type-post","status-publish","format-standard","has-post-thumbnail","hentry","category-ano-2023","category-destaque-grande","category-home","category-institucional","category-ultimas-noticias","entry","has-media"],"_links":{"self":[{"href":"https:\/\/crarn.org.br\/index.php?rest_route=\/wp\/v2\/posts\/66341","targetHints":{"allow":["GET"]}}],"collection":[{"href":"https:\/\/crarn.org.br\/index.php?rest_route=\/wp\/v2\/posts"}],"about":[{"href":"https:\/\/crarn.org.br\/index.php?rest_route=\/wp\/v2\/types\/post"}],"author":[{"embeddable":true,"href":"https:\/\/crarn.org.br\/index.php?rest_route=\/wp\/v2\/users\/26"}],"replies":[{"embeddable":true,"href":"https:\/\/crarn.org.br\/index.php?rest_route=%2Fwp%2Fv2%2Fcomments&post=66341"}],"version-history":[{"count":1,"href":"https:\/\/crarn.org.br\/index.php?rest_route=\/wp\/v2\/posts\/66341\/revisions"}],"predecessor-version":[{"id":66343,"href":"https:\/\/crarn.org.br\/index.php?rest_route=\/wp\/v2\/posts\/66341\/revisions\/66343"}],"wp:featuredmedia":[{"embeddable":true,"href":"https:\/\/crarn.org.br\/index.php?rest_route=\/wp\/v2\/media\/66342"}],"wp:attachment":[{"href":"https:\/\/crarn.org.br\/index.php?rest_route=%2Fwp%2Fv2%2Fmedia&parent=66341"}],"wp:term":[{"taxonomy":"category","embeddable":true,"href":"https:\/\/crarn.org.br\/index.php?rest_route=%2Fwp%2Fv2%2Fcategories&post=66341"},{"taxonomy":"post_tag","embeddable":true,"href":"https:\/\/crarn.org.br\/index.php?rest_route=%2Fwp%2Fv2%2Ftags&post=66341"}],"curies":[{"name":"wp","href":"https:\/\/api.w.org\/{rel}","templated":true}]}}