{"id":66334,"date":"2023-11-20T14:08:06","date_gmt":"2023-11-20T17:08:06","guid":{"rendered":"https:\/\/crarn.org.br\/?p=66334"},"modified":"2023-11-20T14:08:07","modified_gmt":"2023-11-20T17:08:07","slug":"cra-rn-comemora-35-anos-em-mossoro","status":"publish","type":"post","link":"https:\/\/crarn.org.br\/?p=66334","title":{"rendered":"CRA-RN comemora 35 anos em Mossor\u00f3"},"content":{"rendered":"\n<p>No \u00faltimo s\u00e1bado (18\/11), o CRA-RN realizou uma a\u00e7\u00e3o para comemorar os profissionais de Administra\u00e7\u00e3o de Mossor\u00f3 e os 35 anos de cria\u00e7\u00e3o do Conselho, com um caf\u00e9 da manh\u00e3 no Parque Ecol\u00f3gico Professor Maur\u00edcio de Oliveira.<\/p>\n<p>O encontro contou com a participa\u00e7\u00e3o do presidente do CRA-RN, Adm. Fl\u00e1vio Em\u00edlio Cavalcanti; da representante da Subseccional de Mossor\u00f3, Adm. L\u00edgia Rebou\u00e7as, da gerente executiva do conselho, Adm. Silvana Avelar e da coordenadora de Registro, Suerda Maciel e da assistente administrativa da subseccional, Nath\u00e1lia Andrade, al\u00e9m de v\u00e1rios profissionais que levaram as fam\u00edlias para aproveitar o momento de comemora\u00e7\u00e3o e networking e, ainda, cuidar da sa\u00fade com uma animada atividade f\u00edsica desenvolvida pela educadora f\u00edsica e personal, Larissa Silva.<\/p>\n<p>O presidente do CRA-RN recebeu a todos e falou da sua satisfa\u00e7\u00e3o em reunir os profissionais de Mossor\u00f3. \u201cEste ano de 2023 \u00e9 um ano muito importante para n\u00f3s, porque \u00e9 o ano em que comemoramos os 35 anos de funda\u00e7\u00e3o do CRA-RN. E Mossor\u00f3 n\u00e3o poderia ficar de fora das comemora\u00e7\u00f5es. Agradecemos a cada um que se fez presente junto conosco nesta bela comemora\u00e7\u00e3o\u201d, afirmou.<\/p>\n<button class=\"simplefavorite-button\" data-postid=\"66334\" data-siteid=\"1\" data-groupid=\"1\" data-favoritecount=\"0\" style=\"\">Favorite <i class=\"sf-icon-star-empty\"><\/i><\/button>","protected":false},"excerpt":{"rendered":"<p>No \u00faltimo s\u00e1bado (18\/11), o CRA-RN realizou uma a\u00e7\u00e3o para comemorar os profissionais de Administra\u00e7\u00e3o de Mossor\u00f3 e os 35 anos de cria\u00e7\u00e3o do Conselho, com um caf\u00e9 da manh\u00e3 no Parque Ecol\u00f3gico Professor Maur\u00edcio de Oliveira. O encontro contou com a participa\u00e7\u00e3o do presidente do CRA-RN, Adm. Fl\u00e1vio Em\u00edlio Cavalcanti; da representante da Subseccional<a class=\"read-more\" href=\"https:\/\/crarn.org.br\/?p=66334\"> [&hellip;]<\/a><\/p>\n","protected":false},"author":26,"featured_media":66335,"comment_status":"closed","ping_status":"open","sticky":true,"template":"","format":"standard","meta":{"_price":"","_stock":"","_tribe_ticket_header":"","_tribe_default_ticket_provider":"","_tribe_ticket_capacity":"0","_ticket_start_date":"","_ticket_end_date":"","_tribe_ticket_show_description":"","_tribe_ticket_show_not_going":false,"_tribe_ticket_use_global_stock":"","_tribe_ticket_global_stock_level":"","_global_stock_mode":"","_global_stock_cap":"","_tribe_rsvp_for_event":"","_tribe_ticket_going_count":"","_tribe_ticket_not_going_count":"","_tribe_tickets_list":"[]","_tribe_ticket_has_attendee_info_fields":false,"footnotes":"","_links_to":"","_links_to_target":""},"categories":[549,310,320,399,309],"tags":[],"class_list":["post-66334","post","type-post","status-publish","format-standard","has-post-thumbnail","hentry","category-ano-2023","category-destaque-grande","category-home","category-institucional","category-ultimas-noticias","entry","has-media"],"_links":{"self":[{"href":"https:\/\/crarn.org.br\/index.php?rest_route=\/wp\/v2\/posts\/66334","targetHints":{"allow":["GET"]}}],"collection":[{"href":"https:\/\/crarn.org.br\/index.php?rest_route=\/wp\/v2\/posts"}],"about":[{"href":"https:\/\/crarn.org.br\/index.php?rest_route=\/wp\/v2\/types\/post"}],"author":[{"embeddable":true,"href":"https:\/\/crarn.org.br\/index.php?rest_route=\/wp\/v2\/users\/26"}],"replies":[{"embeddable":true,"href":"https:\/\/crarn.org.br\/index.php?rest_route=%2Fwp%2Fv2%2Fcomments&post=66334"}],"version-history":[{"count":1,"href":"https:\/\/crarn.org.br\/index.php?rest_route=\/wp\/v2\/posts\/66334\/revisions"}],"predecessor-version":[{"id":66336,"href":"https:\/\/crarn.org.br\/index.php?rest_route=\/wp\/v2\/posts\/66334\/revisions\/66336"}],"wp:featuredmedia":[{"embeddable":true,"href":"https:\/\/crarn.org.br\/index.php?rest_route=\/wp\/v2\/media\/66335"}],"wp:attachment":[{"href":"https:\/\/crarn.org.br\/index.php?rest_route=%2Fwp%2Fv2%2Fmedia&parent=66334"}],"wp:term":[{"taxonomy":"category","embeddable":true,"href":"https:\/\/crarn.org.br\/index.php?rest_route=%2Fwp%2Fv2%2Fcategories&post=66334"},{"taxonomy":"post_tag","embeddable":true,"href":"https:\/\/crarn.org.br\/index.php?rest_route=%2Fwp%2Fv2%2Ftags&post=66334"}],"curies":[{"name":"wp","href":"https:\/\/api.w.org\/{rel}","templated":true}]}}