{"id":66329,"date":"2023-11-16T12:11:27","date_gmt":"2023-11-16T15:11:27","guid":{"rendered":"https:\/\/crarn.org.br\/?p=66329"},"modified":"2023-11-16T12:11:29","modified_gmt":"2023-11-16T15:11:29","slug":"atualize-seus-dados-junto-ao-cra-rn","status":"publish","type":"post","link":"https:\/\/crarn.org.br\/?p=66329","title":{"rendered":"Atualize seus dados junto ao CRA-RN"},"content":{"rendered":"\n<p>Mantenha seu cadastro em dia e receba informa\u00e7\u00f5es sobre as a\u00e7\u00f5es e benef\u00edcios que o CRA-RN tem para os profissionais de Administra\u00e7\u00e3o.<\/p>\n<p>Agora ficou bem mais simples e f\u00e1cil fazer a atualiza\u00e7\u00e3o pelo autoatendimento. Voc\u00ea pode fazer na palma da m\u00e3o, pelo celular.<\/p>\n<p>No www.crarn.org.br, voc\u00ea pode alterar os dados necess\u00e1rios pelo link https:\/\/bit.ly\/46kHVBX.<\/p>\n<button class=\"simplefavorite-button\" data-postid=\"66329\" data-siteid=\"1\" data-groupid=\"1\" data-favoritecount=\"0\" style=\"\">Favorite <i class=\"sf-icon-star-empty\"><\/i><\/button>","protected":false},"excerpt":{"rendered":"<p>Mantenha seu cadastro em dia e receba informa\u00e7\u00f5es sobre as a\u00e7\u00f5es e benef\u00edcios que o CRA-RN tem para os profissionais de Administra\u00e7\u00e3o. Agora ficou bem mais simples e f\u00e1cil fazer a atualiza\u00e7\u00e3o pelo autoatendimento. Voc\u00ea pode fazer na palma da m\u00e3o, pelo celular. No www.crarn.org.br, voc\u00ea pode alterar os dados necess\u00e1rios pelo link https:\/\/bit.ly\/46kHVBX. Favorite<\/p>\n","protected":false},"author":26,"featured_media":66331,"comment_status":"closed","ping_status":"open","sticky":true,"template":"","format":"standard","meta":{"_price":"","_stock":"","_tribe_ticket_header":"","_tribe_default_ticket_provider":"","_tribe_ticket_capacity":"0","_ticket_start_date":"","_ticket_end_date":"","_tribe_ticket_show_description":"","_tribe_ticket_show_not_going":false,"_tribe_ticket_use_global_stock":"","_tribe_ticket_global_stock_level":"","_global_stock_mode":"","_global_stock_cap":"","_tribe_rsvp_for_event":"","_tribe_ticket_going_count":"","_tribe_ticket_not_going_count":"","_tribe_tickets_list":"[]","_tribe_ticket_has_attendee_info_fields":false,"footnotes":"","_links_to":"","_links_to_target":""},"categories":[549,310,320,399,309],"tags":[],"class_list":["post-66329","post","type-post","status-publish","format-standard","has-post-thumbnail","hentry","category-ano-2023","category-destaque-grande","category-home","category-institucional","category-ultimas-noticias","entry","has-media"],"_links":{"self":[{"href":"https:\/\/crarn.org.br\/index.php?rest_route=\/wp\/v2\/posts\/66329","targetHints":{"allow":["GET"]}}],"collection":[{"href":"https:\/\/crarn.org.br\/index.php?rest_route=\/wp\/v2\/posts"}],"about":[{"href":"https:\/\/crarn.org.br\/index.php?rest_route=\/wp\/v2\/types\/post"}],"author":[{"embeddable":true,"href":"https:\/\/crarn.org.br\/index.php?rest_route=\/wp\/v2\/users\/26"}],"replies":[{"embeddable":true,"href":"https:\/\/crarn.org.br\/index.php?rest_route=%2Fwp%2Fv2%2Fcomments&post=66329"}],"version-history":[{"count":1,"href":"https:\/\/crarn.org.br\/index.php?rest_route=\/wp\/v2\/posts\/66329\/revisions"}],"predecessor-version":[{"id":66332,"href":"https:\/\/crarn.org.br\/index.php?rest_route=\/wp\/v2\/posts\/66329\/revisions\/66332"}],"wp:featuredmedia":[{"embeddable":true,"href":"https:\/\/crarn.org.br\/index.php?rest_route=\/wp\/v2\/media\/66331"}],"wp:attachment":[{"href":"https:\/\/crarn.org.br\/index.php?rest_route=%2Fwp%2Fv2%2Fmedia&parent=66329"}],"wp:term":[{"taxonomy":"category","embeddable":true,"href":"https:\/\/crarn.org.br\/index.php?rest_route=%2Fwp%2Fv2%2Fcategories&post=66329"},{"taxonomy":"post_tag","embeddable":true,"href":"https:\/\/crarn.org.br\/index.php?rest_route=%2Fwp%2Fv2%2Ftags&post=66329"}],"curies":[{"name":"wp","href":"https:\/\/api.w.org\/{rel}","templated":true}]}}