{"id":66326,"date":"2023-11-14T14:58:17","date_gmt":"2023-11-14T17:58:17","guid":{"rendered":"https:\/\/crarn.org.br\/?p=66326"},"modified":"2023-11-14T14:58:19","modified_gmt":"2023-11-14T17:58:19","slug":"diretora-do-cra-rn-recebe-homenagem-da-ufrn","status":"publish","type":"post","link":"https:\/\/crarn.org.br\/?p=66326","title":{"rendered":"Diretora do CRA-RN recebe homenagem da UFRN"},"content":{"rendered":"\n<p>A conselheira e diretora Administrativa Financeira do CRA-RN, Adm. C\u00e9lia Ribeiro, foi homenageada nesta ter\u00e7a-feira, na celebra\u00e7\u00e3o dos 50 anos do Centro de Ci\u00eancias Sociais e Aplicadas &#8211; CCSA da UFRN.<\/p>\n<p>C\u00e9lia foi professora do Departamento de Administra\u00e7\u00e3o e ocupou os cargos de coordenadora do curso e diretora do Centro.<\/p>\n<p>Na comemora\u00e7\u00e3o, foram homenageadas 50 pessoas que atuam no Centro: diretores e vice-diretores; gestores acad\u00eamicos; t\u00e9cnicos-administrativos; professores aposentados que atuaram por mais tempo como colaboradores volunt\u00e1rios; professores coordenadores fundadores de unidades suplementares e funcion\u00e1rios terceirizados.<\/p>\n<p>Criado em 13 de novembro de 1973, ao longo de sua hist\u00f3ria, o CCSA tem se consolidado como um centro inovador, inclusivo e de excel\u00eancia acad\u00eamica reconhecida e socialmente referenciada.<\/p>\n<p>O Centro, que \u00e9 um dos maiores da UFRN, disp\u00f5e de uma ampla infraestrutura e espa\u00e7os f\u00edsicos, ao ser criado, possu\u00eda quatro departamentos: Direito, Educa\u00e7\u00e3o, Administra\u00e7\u00e3o e Servi\u00e7o Social.<\/p>\n<p>Atualmente, conta com os cursos regulares de gradua\u00e7\u00e3o em Administra\u00e7\u00e3o, Administra\u00e7\u00e3o P\u00fablica, Biblioteconomia, Ci\u00eancias Cont\u00e1beis, Ci\u00eancias Econ\u00f4micas, Direito, Servi\u00e7o Social e Turismo. Esse ano criou o curso de Rela\u00e7\u00f5es Internacionais e oferece, ainda, o curso de Gest\u00e3o de Cooperativas em parceria com o PRONERA\/INCRA e o curso de administra\u00e7\u00e3o p\u00fablica \u00e0 dist\u00e2ncia em parceria com a Universidade Aberta.<\/p>\n<p>\u00a0<\/p>\n<p>*Com informa\u00e7\u00f5es do www.ccsa.ufrn.br.<\/p>\n<p>\u00a0<\/p>\n<p>\u00a0<\/p>\n<button class=\"simplefavorite-button\" data-postid=\"66326\" data-siteid=\"1\" data-groupid=\"1\" data-favoritecount=\"0\" style=\"\">Favorite <i class=\"sf-icon-star-empty\"><\/i><\/button>","protected":false},"excerpt":{"rendered":"<p>A conselheira e diretora Administrativa Financeira do CRA-RN, Adm. C\u00e9lia Ribeiro, foi homenageada nesta ter\u00e7a-feira, na celebra\u00e7\u00e3o dos 50 anos do Centro de Ci\u00eancias Sociais e Aplicadas &#8211; CCSA da UFRN. C\u00e9lia foi professora do Departamento de Administra\u00e7\u00e3o e ocupou os cargos de coordenadora do curso e diretora do Centro. Na comemora\u00e7\u00e3o, foram homenageadas 50<a class=\"read-more\" href=\"https:\/\/crarn.org.br\/?p=66326\"> [&hellip;]<\/a><\/p>\n","protected":false},"author":26,"featured_media":66327,"comment_status":"closed","ping_status":"open","sticky":true,"template":"","format":"standard","meta":{"_price":"","_stock":"","_tribe_ticket_header":"","_tribe_default_ticket_provider":"","_tribe_ticket_capacity":"0","_ticket_start_date":"","_ticket_end_date":"","_tribe_ticket_show_description":"","_tribe_ticket_show_not_going":false,"_tribe_ticket_use_global_stock":"","_tribe_ticket_global_stock_level":"","_global_stock_mode":"","_global_stock_cap":"","_tribe_rsvp_for_event":"","_tribe_ticket_going_count":"","_tribe_ticket_not_going_count":"","_tribe_tickets_list":"[]","_tribe_ticket_has_attendee_info_fields":false,"footnotes":"","_links_to":"","_links_to_target":""},"categories":[549,311,320,309],"tags":[],"class_list":["post-66326","post","type-post","status-publish","format-standard","has-post-thumbnail","hentry","category-ano-2023","category-destaque-pequeno-superior","category-home","category-ultimas-noticias","entry","has-media"],"_links":{"self":[{"href":"https:\/\/crarn.org.br\/index.php?rest_route=\/wp\/v2\/posts\/66326","targetHints":{"allow":["GET"]}}],"collection":[{"href":"https:\/\/crarn.org.br\/index.php?rest_route=\/wp\/v2\/posts"}],"about":[{"href":"https:\/\/crarn.org.br\/index.php?rest_route=\/wp\/v2\/types\/post"}],"author":[{"embeddable":true,"href":"https:\/\/crarn.org.br\/index.php?rest_route=\/wp\/v2\/users\/26"}],"replies":[{"embeddable":true,"href":"https:\/\/crarn.org.br\/index.php?rest_route=%2Fwp%2Fv2%2Fcomments&post=66326"}],"version-history":[{"count":1,"href":"https:\/\/crarn.org.br\/index.php?rest_route=\/wp\/v2\/posts\/66326\/revisions"}],"predecessor-version":[{"id":66328,"href":"https:\/\/crarn.org.br\/index.php?rest_route=\/wp\/v2\/posts\/66326\/revisions\/66328"}],"wp:featuredmedia":[{"embeddable":true,"href":"https:\/\/crarn.org.br\/index.php?rest_route=\/wp\/v2\/media\/66327"}],"wp:attachment":[{"href":"https:\/\/crarn.org.br\/index.php?rest_route=%2Fwp%2Fv2%2Fmedia&parent=66326"}],"wp:term":[{"taxonomy":"category","embeddable":true,"href":"https:\/\/crarn.org.br\/index.php?rest_route=%2Fwp%2Fv2%2Fcategories&post=66326"},{"taxonomy":"post_tag","embeddable":true,"href":"https:\/\/crarn.org.br\/index.php?rest_route=%2Fwp%2Fv2%2Ftags&post=66326"}],"curies":[{"name":"wp","href":"https:\/\/api.w.org\/{rel}","templated":true}]}}