{"id":66312,"date":"2023-11-09T13:41:41","date_gmt":"2023-11-09T16:41:41","guid":{"rendered":"https:\/\/crarn.org.br\/?p=66312"},"modified":"2023-11-13T14:04:30","modified_gmt":"2023-11-13T17:04:30","slug":"cra-rn-se-destaca-no-enaf-2023","status":"publish","type":"post","link":"https:\/\/crarn.org.br\/?p=66312","title":{"rendered":"CRA-RN se destaca no ENAF 2023"},"content":{"rendered":"\n<p>O Encontro Nacional de Fiscais do Sistema CFA\/CRAs -ENAF, est\u00e1 acontecendo em Bras\u00edlia, reunindo fiscais de todo o pa\u00eds.<\/p>\n<p>Promovido pelo CFA, \u00a0o encontro tem como objetivo discutir e promover melhorias no \u00e2mbito da fiscaliza\u00e7\u00e3o e registro nos regionais.<\/p>\n<p>A abertura aconteceu na manh\u00e3 desta quinta-feira (09\/11) e o CRA-RN marcou presen\u00e7a na mesa principal com a participa\u00e7\u00e3o da Coordenadora de Fiscaliza\u00e7\u00e3o, Adm. Tatiana Costa Pinto, representando os fiscais e as mulheres Administradoras do Sistema CFA\/CRAs. A mesa estava composta pelo presidente do CFA, Adm. Leonardo Mac\u00eado; vice-presidente, Adm. Gilmar Camargo de Almeida; diretor de Fiscaliza\u00e7\u00e3o e Registro, Adm. S\u00e9rgio Rauber e pelo presidente do CRA-DF, Adm. Carlos Alberto Ferreira J\u00fanior.<\/p>\n<p>Ao participar da mesa, a coordenadora de Fiscaliza\u00e7\u00e3o do CRA-RN falou da honra em representar as mulheres administradoras e os fiscais do Sistema CFA\/CRAs, na abertura do ENAF 2023. \u201cH\u00e1 28 anos integrando a equipe do CRA-RN, contribuindo para o cumprimento da miss\u00e3o institucional e mantendo a motiva\u00e7\u00e3o para enfrentar os desafios di\u00e1rios da \u00e1rea de fiscaliza\u00e7\u00e3o, me sinto feliz em vivenciar a influ\u00eancia da tecnologia nos processos, o que, certamente contribuir\u00e1 no crescimento e na valoriza\u00e7\u00e3o da profiss\u00e3o.\u201d afirmou.<\/p>\n<p>O presidente do CFA, Adm. Leonardo Macedo, fez quest\u00e3o de destacar que a fiscaliza\u00e7\u00e3o foi escolhida para nortear todas as a\u00e7\u00f5es dessa atual diretoria da autarquia. &#8220;N\u00f3s fomos criados para garantir a exist\u00eancia da nossa profiss\u00e3o. Precisamos valorizar nossos profissionais e inseri-los no mercado de trabalho e s\u00f3 vamos conseguir se fizemos fiscaliza\u00e7\u00e3o de forma inteligente, atuante e participativa&#8221;, disse.<\/p>\n<p>O ENAF segue at\u00e9 amanh\u00e3, dia 10\/11, com uma programa\u00e7\u00e3o que apresenta temas como a fiscaliza\u00e7\u00e3o dos supervisores de est\u00e1gio, Prospecta, treinamentos de fiscaliza\u00e7\u00e3o, apresenta\u00e7\u00e3o de cases de sucesso, entre outros.<\/p>\n<p>\u00a0<\/p>\n<p>*Com informa\u00e7\u00f5es do CFA<\/p>\n<button class=\"simplefavorite-button\" data-postid=\"66312\" data-siteid=\"1\" data-groupid=\"1\" data-favoritecount=\"0\" style=\"\">Favorite <i class=\"sf-icon-star-empty\"><\/i><\/button>","protected":false},"excerpt":{"rendered":"<p>O Encontro Nacional de Fiscais do Sistema CFA\/CRAs -ENAF, est\u00e1 acontecendo em Bras\u00edlia, reunindo fiscais de todo o pa\u00eds. Promovido pelo CFA, \u00a0o encontro tem como objetivo discutir e promover melhorias no \u00e2mbito da fiscaliza\u00e7\u00e3o e registro nos regionais. A abertura aconteceu na manh\u00e3 desta quinta-feira (09\/11) e o CRA-RN marcou presen\u00e7a na mesa principal<a class=\"read-more\" href=\"https:\/\/crarn.org.br\/?p=66312\"> [&hellip;]<\/a><\/p>\n","protected":false},"author":26,"featured_media":66313,"comment_status":"closed","ping_status":"open","sticky":true,"template":"","format":"standard","meta":{"_price":"","_stock":"","_tribe_ticket_header":"","_tribe_default_ticket_provider":"","_tribe_ticket_capacity":"0","_ticket_start_date":"","_ticket_end_date":"","_tribe_ticket_show_description":"","_tribe_ticket_show_not_going":false,"_tribe_ticket_use_global_stock":"","_tribe_ticket_global_stock_level":"","_global_stock_mode":"","_global_stock_cap":"","_tribe_rsvp_for_event":"","_tribe_ticket_going_count":"","_tribe_ticket_not_going_count":"","_tribe_tickets_list":"[]","_tribe_ticket_has_attendee_info_fields":false,"footnotes":"","_links_to":"","_links_to_target":""},"categories":[549,312,320,399,309],"tags":[],"class_list":["post-66312","post","type-post","status-publish","format-standard","has-post-thumbnail","hentry","category-ano-2023","category-destaque-pequeno-inferior","category-home","category-institucional","category-ultimas-noticias","entry","has-media"],"_links":{"self":[{"href":"https:\/\/crarn.org.br\/index.php?rest_route=\/wp\/v2\/posts\/66312","targetHints":{"allow":["GET"]}}],"collection":[{"href":"https:\/\/crarn.org.br\/index.php?rest_route=\/wp\/v2\/posts"}],"about":[{"href":"https:\/\/crarn.org.br\/index.php?rest_route=\/wp\/v2\/types\/post"}],"author":[{"embeddable":true,"href":"https:\/\/crarn.org.br\/index.php?rest_route=\/wp\/v2\/users\/26"}],"replies":[{"embeddable":true,"href":"https:\/\/crarn.org.br\/index.php?rest_route=%2Fwp%2Fv2%2Fcomments&post=66312"}],"version-history":[{"count":3,"href":"https:\/\/crarn.org.br\/index.php?rest_route=\/wp\/v2\/posts\/66312\/revisions"}],"predecessor-version":[{"id":66316,"href":"https:\/\/crarn.org.br\/index.php?rest_route=\/wp\/v2\/posts\/66312\/revisions\/66316"}],"wp:featuredmedia":[{"embeddable":true,"href":"https:\/\/crarn.org.br\/index.php?rest_route=\/wp\/v2\/media\/66313"}],"wp:attachment":[{"href":"https:\/\/crarn.org.br\/index.php?rest_route=%2Fwp%2Fv2%2Fmedia&parent=66312"}],"wp:term":[{"taxonomy":"category","embeddable":true,"href":"https:\/\/crarn.org.br\/index.php?rest_route=%2Fwp%2Fv2%2Fcategories&post=66312"},{"taxonomy":"post_tag","embeddable":true,"href":"https:\/\/crarn.org.br\/index.php?rest_route=%2Fwp%2Fv2%2Ftags&post=66312"}],"curies":[{"name":"wp","href":"https:\/\/api.w.org\/{rel}","templated":true}]}}